{"id":162346,"date":"2024-12-04T00:53:10","date_gmt":"2024-12-03T23:53:10","guid":{"rendered":"https:\/\/rna.ao\/rna.ao\/?p=162346"},"modified":"2024-12-04T00:53:42","modified_gmt":"2024-12-03T23:53:42","slug":"governo-mocambicano-promete-usar-todos-os-meios-para-travar-manifestacoes","status":"publish","type":"post","link":"https:\/\/rna.ao\/rna.ao\/2024\/12\/04\/governo-mocambicano-promete-usar-todos-os-meios-para-travar-manifestacoes\/","title":{"rendered":"Governo mo\u00e7ambicano promete usar &#8220;todos os meios&#8221; para travar manifesta\u00e7\u00f5es"},"content":{"rendered":"<p><img loading=\"lazy\" class=\"alignnone size-medium wp-image-162347\" src=\"https:\/\/rna.ao\/rna.ao\/wp-content\/uploads\/2024\/12\/IMG_5835-767x770.jpeg\" alt=\"\" width=\"767\" height=\"770\" srcset=\"https:\/\/rna.ao\/rna.ao\/wp-content\/uploads\/2024\/12\/IMG_5835-767x770.jpeg 767w, https:\/\/rna.ao\/rna.ao\/wp-content\/uploads\/2024\/12\/IMG_5835-1165x1170.jpeg 1165w, https:\/\/rna.ao\/rna.ao\/wp-content\/uploads\/2024\/12\/IMG_5835-150x150.jpeg 150w, https:\/\/rna.ao\/rna.ao\/wp-content\/uploads\/2024\/12\/IMG_5835-768x771.jpeg 768w, https:\/\/rna.ao\/rna.ao\/wp-content\/uploads\/2024\/12\/IMG_5835-100x100.jpeg 100w, https:\/\/rna.ao\/rna.ao\/wp-content\/uploads\/2024\/12\/IMG_5835-370x370.jpeg 370w, https:\/\/rna.ao\/rna.ao\/wp-content\/uploads\/2024\/12\/IMG_5835.jpeg 1260w\" sizes=\"(max-width: 767px) 100vw, 767px\" \/>O Governo de Mo\u00e7ambique prometeu usar &#8220;todos os meios \u00e0 sua disposi\u00e7\u00e3o&#8221; para impedir as manifesta\u00e7\u00f5es convocadas pelo candidato presidencial Ven\u00e2ncio Mondlane, defendendo que s\u00e3o ilegais e n\u00e3o cumprem com a lei.<\/p>\n<div class=\"hidden-content relative\">\n<div class=\"mx-3 mx-md-5 article-text\">\n<section class=\"article-body readthis-1619159\">&#8220;O Governo, atrav\u00e9s das For\u00e7as de Defesa e Seguran\u00e7a [FDS], vai usar todo os meios \u00e0 sua disposi\u00e7\u00e3o para assegurar que se possam realizar cerim\u00f3nias sociais como sejam casamentos, funerais, festas, entre outras incluindo o funcionamento normal das institui\u00e7\u00f5es&#8221;, declarou o ministro do Interior de Mo\u00e7ambique, Pascoal Ronda, em confer\u00eancia de imprensa em Maputo.<\/section>\n<\/div>\n<\/div>\n<p>O candidato presidencial Ven\u00e2ncio Mondlane apelou segunda-feira a uma nova fase de contesta\u00e7\u00e3o eleitoral de uma semana, a partir de quarta-feira, em &#8220;todos os bairros&#8221; de Mo\u00e7ambique, com paralisa\u00e7\u00e3o da circula\u00e7\u00e3o autom\u00f3vel das 08:00 \u00e0s 16:00 horas.<\/p>\n<p>O ministro de Interior Pascoal Ronda defendeu que a interven\u00e7\u00e3o das FDS para conter as manifesta\u00e7\u00f5es e marchas n\u00e3o deve ser entendida como &#8220;uso excessivo de for\u00e7a&#8221;, pedindo que seja visto como acto para repor a &#8220;ordem, seguran\u00e7a e tranquilidade p\u00fablicas&#8221; com o objectivo de permitir o funcionamento normal das institui\u00e7\u00f5es.<\/p>\n<p>&#8220;N\u00e3o se deve confundir como uso excessivo de for\u00e7a quando as FDS empregam os seus recursos para a protec\u00e7\u00e3o proporcional de infraestruturas cr\u00edticas p\u00fablicas e privadas&#8221;, afirmou o governante, insistindo que a ac\u00e7\u00e3o das for\u00e7as policiais visa o &#8220;cumprimento do dever sagrado&#8221; de protec\u00e7\u00e3o da p\u00e1tria.<\/p>\n<p>Pascoal Ronda acusou ainda Ven\u00e2ncio Mondlane de convocar manifesta\u00e7\u00f5es &#8220;violentas contra o Estado&#8221;, classificando-as de &#8220;ilegais e que n\u00e3o cumprem com os requisitos da lei&#8221;.<\/p>\n<p>&#8220;Estes actos contr\u00e1rios \u00e0 lei e que pela sua gravidade lesam a paz e harmonia social, a ordem e tranquilidade p\u00fablicas, ao direito de circula\u00e7\u00e3o livre de pessoas, ao pleno exerc\u00edcio dos direitos e liberdades dos demais cidad\u00e3os, s\u00e3o veementemente repudiadas e condenadas. Toler\u00e2ncia zero a estes actos subversivos de terror&#8221;, avisou o governante.<\/p>\n<p>&#8220;Inclui as manifesta\u00e7\u00f5es que, embora alegadamente pac\u00edficas, se tornaram violentas e assumem contornos subversivos por comprometerem o exerc\u00edcio de outros direitos fundamentais legais de outros cidad\u00e3os aos quais preenchem um tipo legal de crime&#8221;, concluiu Pascoal Ronda.<\/p>\n<p>O an\u00fancio pela Comiss\u00e3o Nacional de Elei\u00e7\u00f5es de Mo\u00e7ambique, em 24 de outubro, dos resultados das elei\u00e7\u00f5es de 09 de outubro, em que atribuiu a vit\u00f3ria a Daniel Chapo, apoiado pela Frente de Liberta\u00e7\u00e3o de Mo\u00e7ambique (Frelimo), na elei\u00e7\u00e3o a Presidente da Rep\u00fablica, com 70,67% dos votos, despoletou \u00a0protestos populares, convocados pelo candidato presidencial Ven\u00e2ncio Mondlane e que t\u00eam degenerado em confrontos violentos com a pol\u00edcia.<\/p>\n<p>Segundo a CNE, Mondlane ficou em segundo lugar, com 20,32%, mas este n\u00e3o reconhece os resultados, que ainda t\u00eam de ser validados e proclamados pelo Conselho Constitucional.<\/p>\n","protected":false},"excerpt":{"rendered":"<p>O Governo de Mo\u00e7ambique prometeu usar &#8220;todos os meios \u00e0 sua disposi\u00e7\u00e3o&#8221; para impedir as manifesta\u00e7\u00f5es convocadas pelo candidato presidencial Ven\u00e2ncio Mondlane, defendendo que s\u00e3o ilegais e n\u00e3o cumprem com a lei. &#8220;O Governo, atrav\u00e9s das For\u00e7as de Defesa e Seguran\u00e7a [FDS], vai usar todo os meios \u00e0 sua disposi\u00e7\u00e3o ...<\/p>\n","protected":false},"author":18,"featured_media":162347,"comment_status":"closed","ping_status":"closed","sticky":false,"template":"","format":"standard","meta":[],"categories":[143,137,121,163],"tags":[],"_links":{"self":[{"href":"https:\/\/rna.ao\/rna.ao\/wp-json\/wp\/v2\/posts\/162346"}],"collection":[{"href":"https:\/\/rna.ao\/rna.ao\/wp-json\/wp\/v2\/posts"}],"about":[{"href":"https:\/\/rna.ao\/rna.ao\/wp-json\/wp\/v2\/types\/post"}],"author":[{"embeddable":true,"href":"https:\/\/rna.ao\/rna.ao\/wp-json\/wp\/v2\/users\/18"}],"replies":[{"embeddable":true,"href":"https:\/\/rna.ao\/rna.ao\/wp-json\/wp\/v2\/comments?post=162346"}],"version-history":[{"count":2,"href":"https:\/\/rna.ao\/rna.ao\/wp-json\/wp\/v2\/posts\/162346\/revisions"}],"predecessor-version":[{"id":162349,"href":"https:\/\/rna.ao\/rna.ao\/wp-json\/wp\/v2\/posts\/162346\/revisions\/162349"}],"wp:featuredmedia":[{"embeddable":true,"href":"https:\/\/rna.ao\/rna.ao\/wp-json\/wp\/v2\/media\/162347"}],"wp:attachment":[{"href":"https:\/\/rna.ao\/rna.ao\/wp-json\/wp\/v2\/media?parent=162346"}],"wp:term":[{"taxonomy":"category","embeddable":true,"href":"https:\/\/rna.ao\/rna.ao\/wp-json\/wp\/v2\/categories?post=162346"},{"taxonomy":"post_tag","embeddable":true,"href":"https:\/\/rna.ao\/rna.ao\/wp-json\/wp\/v2\/tags?post=162346"}],"curies":[{"name":"wp","href":"https:\/\/api.w.org\/{rel}","templated":true}]}}