{"id":162317,"date":"2024-12-03T16:43:04","date_gmt":"2024-12-03T15:43:04","guid":{"rendered":"https:\/\/rna.ao\/rna.ao\/?p=162317"},"modified":"2024-12-03T16:43:04","modified_gmt":"2024-12-03T15:43:04","slug":"tensao-dispara-na-peninsula-coreana-presidente-da-coreia-do-sul-decreta-lei-marcial","status":"publish","type":"post","link":"https:\/\/rna.ao\/rna.ao\/2024\/12\/03\/tensao-dispara-na-peninsula-coreana-presidente-da-coreia-do-sul-decreta-lei-marcial\/","title":{"rendered":"Tens\u00e3o dispara na Pen\u00ednsula Coreana. Presidente da Coreia do Sul decreta lei marcial"},"content":{"rendered":"<p class=\"p1\"><span class=\"s1\"><img loading=\"lazy\" class=\"alignnone size-medium wp-image-162318\" src=\"https:\/\/rna.ao\/rna.ao\/wp-content\/uploads\/2024\/12\/IMG_5829-770x428.jpeg\" alt=\"\" width=\"770\" height=\"428\" srcset=\"https:\/\/rna.ao\/rna.ao\/wp-content\/uploads\/2024\/12\/IMG_5829-770x428.jpeg 770w, https:\/\/rna.ao\/rna.ao\/wp-content\/uploads\/2024\/12\/IMG_5829-1170x650.jpeg 1170w, https:\/\/rna.ao\/rna.ao\/wp-content\/uploads\/2024\/12\/IMG_5829-768x426.jpeg 768w, https:\/\/rna.ao\/rna.ao\/wp-content\/uploads\/2024\/12\/IMG_5829.jpeg 1284w\" sizes=\"(max-width: 770px) 100vw, 770px\" \/>O presidente sul-coreano anunciou esta ter\u00e7a-feira a implementa\u00e7\u00e3o da lei marcial. Yoon Suk Yeol acusa o principal partido da oposi\u00e7\u00e3o no pa\u00eds de simpatizar com o regime da Coreia do Norte e de levar a cabo ac\u00e7\u00f5es contra o Estado.<\/span><\/p>\n<p class=\"p1\"><span class=\"s2\">&#8220;Para salvaguardar uma Coreia do Sul liberal das amea\u00e7as colocadas pelas for\u00e7as comunistas da Coreia do Norte e eliminar elementos contra o Estado, declaro a lei marcial de emerg\u00eancia&#8221;, <\/span><span class=\"s1\">anunciou o chefe de Estado sul-coreano, em declara\u00e7\u00e3o ao pa\u00eds transmitida pelas televis\u00f5es.<\/span><\/p>\n<p class=\"p1\"><span class=\"s1\">Todas as actividades parlamentares foram suspensas e h\u00e1 relatos de helic\u00f3pteros no telhado do parlamento.<\/span><\/p>\n<p class=\"p1\"><span class=\"s2\">O l\u00edder da oposi\u00e7\u00e3o considera a lei marcial &#8220;ilegal&#8221; e pediu \u00e0 popula\u00e7\u00e3o para se concentrar em frente \u00e0 assembleia. H\u00e1 j\u00e1 relatos de confrontos entre a pol\u00edcia e manifestantes em frente ao Parlamento.<\/span><\/p>\n<p class=\"p1\"><span class=\"s1\">Yoon n\u00e3o disse qual era a amea\u00e7a espec\u00edfica da parte da Coreia do Norte, mas teceu duras cr\u00edticas aos seus advers\u00e1rios pol\u00edticos internos, que n\u00e3o aprovou a proposta de or\u00e7amento para o pa\u00eds.<\/span><\/p>\n<p class=\"p1\"><span class=\"s1\">\u201cSem preocupa\u00e7\u00e3o com a subsist\u00eancia do povo, o partido da oposi\u00e7\u00e3o paralisou o governo, para efeitos de impeachments, investiga\u00e7\u00f5es especiais e para proteger o seu l\u00edder de processos legais\u201d, acusou Yoon Suk Yeol.<\/span><\/p>\n<p class=\"p1\"><span class=\"s2\">\u201cA nossa Assembleia Nacional tornou-se um ref\u00fagio de criminosos, um covil de ditadura legislativa que procura paralisar os sistemas administrativos e judiciais e derrubar a nossa ordem democr\u00e1tica liberal\u201d, disse ainda Yoon. <\/span><\/p>\n<p class=\"p1\"><span class=\"s1\">A \u00faltima vez que a lei marcial foi declarada na Coreia do Sul foi em 1979, ap\u00f3s o assassinato do ent\u00e3o ditador Park Chung Hee.<\/span><\/p>\n<p class=\"p1\"><span class=\"s1\">O an\u00fancio do presidente sul-coreano surge numa altura em que o Partido do Poder Popular, de Yoon, continua a debater-se com o principal partido da oposi\u00e7\u00e3o, o Partido Democr\u00e1tico, sobre o or\u00e7amento proposto para o pr\u00f3ximo ano.<\/span><\/p>\n<p class=\"p1\"><span class=\"s1\">Os deputados da oposi\u00e7\u00e3o aprovaram um programa or\u00e7amental significativamente reduzido na semana passada atrav\u00e9s de uma comiss\u00e3o.<\/span><\/p>\n<p class=\"p1\"><span class=\"s2\">O presidente sul-coreano acusa a oposi\u00e7\u00e3o de cortar &#8220;todos os or\u00e7amentos essenciais \u00e0s fun\u00e7\u00f5es prim\u00e1rias da na\u00e7\u00e3o que s\u00e3o a luta contra os crimes relacionados com a droga e a manuten\u00e7\u00e3o da seguran\u00e7a p\u00fablica (&#8230;) transformando o pa\u00eds num para\u00edso da droga e um lugar de caos para a seguran\u00e7a p\u00fablica\u201d.<\/span><\/p>\n<p class=\"p1\"><span class=\"s1\">Yoon passou a caracterizar a oposi\u00e7\u00e3o, que det\u00e9m a maioria no Parlamento, como \u201cfor\u00e7as hostis ao Estado que pretendem derrubar o regime\u201d. Assegurou que a sua decis\u00e3o era \u201cinevit\u00e1vel\u201d.<\/span><\/p>\n<p class=\"p1\"><span class=\"s2\">\u201cRestaurarei a normalidade no pa\u00eds, livrando-me destas for\u00e7as anti-Estado o mais rapidamente poss\u00edvel\u201d, acrescentou o presidente sul-coreano.<\/span><\/p>\n","protected":false},"excerpt":{"rendered":"<p>O presidente sul-coreano anunciou esta ter\u00e7a-feira a implementa\u00e7\u00e3o da lei marcial. Yoon Suk Yeol acusa o principal partido da oposi\u00e7\u00e3o no pa\u00eds de simpatizar com o regime da Coreia do Norte e de levar a cabo ac\u00e7\u00f5es contra o Estado. &#8220;Para salvaguardar uma Coreia do Sul liberal das amea\u00e7as colocadas ...<\/p>\n","protected":false},"author":18,"featured_media":162318,"comment_status":"closed","ping_status":"closed","sticky":false,"template":"","format":"standard","meta":[],"categories":[143,137,121,163],"tags":[],"_links":{"self":[{"href":"https:\/\/rna.ao\/rna.ao\/wp-json\/wp\/v2\/posts\/162317"}],"collection":[{"href":"https:\/\/rna.ao\/rna.ao\/wp-json\/wp\/v2\/posts"}],"about":[{"href":"https:\/\/rna.ao\/rna.ao\/wp-json\/wp\/v2\/types\/post"}],"author":[{"embeddable":true,"href":"https:\/\/rna.ao\/rna.ao\/wp-json\/wp\/v2\/users\/18"}],"replies":[{"embeddable":true,"href":"https:\/\/rna.ao\/rna.ao\/wp-json\/wp\/v2\/comments?post=162317"}],"version-history":[{"count":1,"href":"https:\/\/rna.ao\/rna.ao\/wp-json\/wp\/v2\/posts\/162317\/revisions"}],"predecessor-version":[{"id":162319,"href":"https:\/\/rna.ao\/rna.ao\/wp-json\/wp\/v2\/posts\/162317\/revisions\/162319"}],"wp:featuredmedia":[{"embeddable":true,"href":"https:\/\/rna.ao\/rna.ao\/wp-json\/wp\/v2\/media\/162318"}],"wp:attachment":[{"href":"https:\/\/rna.ao\/rna.ao\/wp-json\/wp\/v2\/media?parent=162317"}],"wp:term":[{"taxonomy":"category","embeddable":true,"href":"https:\/\/rna.ao\/rna.ao\/wp-json\/wp\/v2\/categories?post=162317"},{"taxonomy":"post_tag","embeddable":true,"href":"https:\/\/rna.ao\/rna.ao\/wp-json\/wp\/v2\/tags?post=162317"}],"curies":[{"name":"wp","href":"https:\/\/api.w.org\/{rel}","templated":true}]}}