{"id":162303,"date":"2024-12-03T10:25:48","date_gmt":"2024-12-03T09:25:48","guid":{"rendered":"https:\/\/rna.ao\/rna.ao\/?p=162303"},"modified":"2024-12-03T15:04:59","modified_gmt":"2024-12-03T14:04:59","slug":"trump-anuncia-viagem-a-paris-para-a-reabertura-da-catedral-de-notre-dame","status":"publish","type":"post","link":"https:\/\/rna.ao\/rna.ao\/2024\/12\/03\/trump-anuncia-viagem-a-paris-para-a-reabertura-da-catedral-de-notre-dame\/","title":{"rendered":"Trump anuncia viagem a Paris para a reabertura da catedral de Notre-Dame"},"content":{"rendered":"<p class=\"p2\"><span class=\"s1\"><img loading=\"lazy\" class=\"alignnone size-medium wp-image-162304\" src=\"https:\/\/rna.ao\/rna.ao\/wp-content\/uploads\/2024\/12\/IMG_5824-770x429.jpeg\" alt=\"\" width=\"770\" height=\"429\" srcset=\"https:\/\/rna.ao\/rna.ao\/wp-content\/uploads\/2024\/12\/IMG_5824-770x429.jpeg 770w, https:\/\/rna.ao\/rna.ao\/wp-content\/uploads\/2024\/12\/IMG_5824-1170x652.jpeg 1170w, https:\/\/rna.ao\/rna.ao\/wp-content\/uploads\/2024\/12\/IMG_5824-768x428.jpeg 768w, https:\/\/rna.ao\/rna.ao\/wp-content\/uploads\/2024\/12\/IMG_5824.jpeg 1284w\" sizes=\"(max-width: 770px) 100vw, 770px\" \/>O presidente eleito dos Estados Unidos, Donald Trump, anunciou que vai assistir, no s\u00e1bado, \u00e0 reabertura da catedral de Notre-Dame, em Paris, onde s\u00e3o esperados cerca de 50 chefes de Estado e de Governo.<\/span><\/p>\n<p class=\"p2\"><span class=\"s1\">&#8220;<\/span><span class=\"s2\">Tenho a honra de anunciar que vou viajar para Paris, Fran\u00e7a, no s\u00e1bado, para assistir \u00e0 reabertura da magn\u00edfica e hist\u00f3rica catedral de Notre-Dame, que foi totalmente restaurada<\/span><span class=\"s1\">&#8220;, escreveu o republicano na sua rede social Truth Social.<\/span><\/p>\n<p class=\"p2\"><span class=\"s1\">Esta ser\u00e1 a primeira viagem de Trump ao estrangeiro desde a vit\u00f3ria nas elei\u00e7\u00f5es presidenciais de 5 de novembro.<\/span><\/p>\n<p class=\"p2\"><span class=\"s2\">A catedral de Notre-Dame de Paris, obra-prima da arte g\u00f3tica do s\u00e9culo XII, foi parcialmente devastada por um inc\u00eandio em 15 de abril de 2019.<\/span><\/p>\n<p class=\"p2\"><span class=\"s1\">O inc\u00eandio, cujas causas ainda n\u00e3o foram determinadas, desencadeou um fluxo de donativos para reconstruir o edif\u00edcio, situado no cora\u00e7\u00e3o de Paris e um dos monumentos mais visitados da Europa.<\/span><\/p>\n<p class=\"p2\"><span class=\"s1\">&#8220;<\/span><span class=\"s2\">O presidente Emmanuel Macron fez um trabalho not\u00e1vel para garantir que Notre-Dame seja restaurada em toda a sua gl\u00f3ria e muito mais<\/span><span class=\"s1\">&#8220;, elogiou Trump.<\/span><\/p>\n<p class=\"p2\"><span class=\"s1\">V\u00e1rios l\u00edderes estrangeiros foram convidados para a reabertura, mas a lista oficial dos presentes ainda n\u00e3o foi divulgada. <\/span><\/p>\n","protected":false},"excerpt":{"rendered":"<p>O presidente eleito dos Estados Unidos, Donald Trump, anunciou que vai assistir, no s\u00e1bado, \u00e0 reabertura da catedral de Notre-Dame, em Paris, onde s\u00e3o esperados cerca de 50 chefes de Estado e de Governo. &#8220;Tenho a honra de anunciar que vou viajar para Paris, Fran\u00e7a, no s\u00e1bado, para assistir \u00e0 ...<\/p>\n","protected":false},"author":18,"featured_media":162304,"comment_status":"closed","ping_status":"closed","sticky":false,"template":"","format":"standard","meta":[],"categories":[143,137],"tags":[],"_links":{"self":[{"href":"https:\/\/rna.ao\/rna.ao\/wp-json\/wp\/v2\/posts\/162303"}],"collection":[{"href":"https:\/\/rna.ao\/rna.ao\/wp-json\/wp\/v2\/posts"}],"about":[{"href":"https:\/\/rna.ao\/rna.ao\/wp-json\/wp\/v2\/types\/post"}],"author":[{"embeddable":true,"href":"https:\/\/rna.ao\/rna.ao\/wp-json\/wp\/v2\/users\/18"}],"replies":[{"embeddable":true,"href":"https:\/\/rna.ao\/rna.ao\/wp-json\/wp\/v2\/comments?post=162303"}],"version-history":[{"count":1,"href":"https:\/\/rna.ao\/rna.ao\/wp-json\/wp\/v2\/posts\/162303\/revisions"}],"predecessor-version":[{"id":162305,"href":"https:\/\/rna.ao\/rna.ao\/wp-json\/wp\/v2\/posts\/162303\/revisions\/162305"}],"wp:featuredmedia":[{"embeddable":true,"href":"https:\/\/rna.ao\/rna.ao\/wp-json\/wp\/v2\/media\/162304"}],"wp:attachment":[{"href":"https:\/\/rna.ao\/rna.ao\/wp-json\/wp\/v2\/media?parent=162303"}],"wp:term":[{"taxonomy":"category","embeddable":true,"href":"https:\/\/rna.ao\/rna.ao\/wp-json\/wp\/v2\/categories?post=162303"},{"taxonomy":"post_tag","embeddable":true,"href":"https:\/\/rna.ao\/rna.ao\/wp-json\/wp\/v2\/tags?post=162303"}],"curies":[{"name":"wp","href":"https:\/\/api.w.org\/{rel}","templated":true}]}}