{"id":162027,"date":"2024-11-28T11:05:07","date_gmt":"2024-11-28T10:05:07","guid":{"rendered":"https:\/\/rna.ao\/rna.ao\/?p=162027"},"modified":"2024-11-28T11:05:07","modified_gmt":"2024-11-28T10:05:07","slug":"benguela-accueillera-le-sommet-sur-le-corridor-de-lobito-en-decembre","status":"publish","type":"post","link":"https:\/\/rna.ao\/rna.ao\/2024\/11\/28\/benguela-accueillera-le-sommet-sur-le-corridor-de-lobito-en-decembre\/","title":{"rendered":"Benguela accueillera le sommet sur le corridor de Lobito en d\u00e9cembre"},"content":{"rendered":"<p><img loading=\"lazy\" class=\"alignnone size-full wp-image-90737\" src=\"https:\/\/rna.ao\/rna.ao\/wp-content\/uploads\/2023\/01\/Corredor-do-Lobito-1.jpg\" alt=\"\" width=\"310\" height=\"178\" \/><\/p>\n<p><em>La ville de Benguela accueillera en d\u00e9cembre prochain un sommet sur le corridor de Lobito, avec la participation des pr\u00e9sidents des Etats-Unis d&#8217;Am\u00e9rique, de la R\u00e9publique d\u00e9mocratique du Congo (RDC), de la Zambie et de la Tanzanie.<\/em><\/p>\n<p>C\u2019est ce qu\u2019a declar\u00e9 le ministre des Relations ext\u00e9rieures , T\u00e9te Ant\u00f3nio, lors de la 18e session du Comit\u00e9 interminist\u00e9riel de la Conf\u00e9rence internationale sur la r\u00e9gion des Grands Lacs (CIRGL).<\/p>\n\t<div class=\"qtmplayer-playlist-large\">\n\t\t<ul class=\"qtmplayer-playlist\">\n\t\t\t\n\t\t\t\t\t<li class=\"qtmplayer-trackitem\">\n\t\t<img src=\"https:\/\/rna.ao\/rna.ao\/wp-content\/uploads\/2022\/11\/Corredor-do-Lobito-100x100.jpg\" alt=\"cover\">\t\t<span \t\t\tdata-qtmplayer-cover=\"https:\/\/rna.ao\/rna.ao\/wp-content\/uploads\/2022\/11\/Corredor-do-Lobito.jpg\"\n\t\t\t\t\t\tdata-qtmplayer-file=\"https:\/\/rna.ao\/rna.ao\/wp-content\/uploads\/2024\/11\/Audiostreming-25-11-24.mp3\"\n\t\t\t\t\t\tdata-qtmplayer-title=\"Benguela accueillera le sommet sur le corridor de Lobito en d\u00e9cembre\"\n\t\t\t\t\t\tdata-qtmplayer-artist=\"Carla Quipungo\"\n\t\t\t\t\t\tdata-qtmplayer-link=\"https:\/\/rna.ao\/rna.ao\/2024\/11\/28\/benguela-accueillera-le-sommet-sur-le-corridor-de-lobito-en-decembre\/\"\n\t\t\t\t\t\tdata-qtmplayer-icon=\"file_download\"\n\t\t\t\t\t\tdata-qtmplayer-type=\"track\"\n\t\t\t class=\"qtmplayer-play qtmplayer-link-sec qtmplayer-play-btn\"><i class='material-icons'>play_arrow<\/i><\/span>\n\t\t<p>\n\t\t\t<span class=\"qtmplayer-tit\">Benguela accueillera le sommet sur le corridor de Lobito en d\u00e9cembre<\/span>\n\t\t\t<span class=\"qtmplayer-art\">Carla Quipungo<\/span>\n\t\t<\/p>\n\t<\/li>\n\t\t<\/ul>\n\t<\/div>\t\t\t\n\t\n","protected":false},"excerpt":{"rendered":"<p>La ville de Benguela accueillera en d\u00e9cembre prochain un sommet sur le corridor de Lobito, avec la participation des pr\u00e9sidents des Etats-Unis d&#8217;Am\u00e9rique, de la R\u00e9publique d\u00e9mocratique du Congo (RDC), de la Zambie et de la Tanzanie. C\u2019est ce qu\u2019a declar\u00e9 le ministre des Relations ext\u00e9rieures , T\u00e9te Ant\u00f3nio, lors ...<\/p>\n","protected":false},"author":9,"featured_media":82250,"comment_status":"closed","ping_status":"closed","sticky":false,"template":"","format":"standard","meta":[],"categories":[143,137,1],"tags":[],"_links":{"self":[{"href":"https:\/\/rna.ao\/rna.ao\/wp-json\/wp\/v2\/posts\/162027"}],"collection":[{"href":"https:\/\/rna.ao\/rna.ao\/wp-json\/wp\/v2\/posts"}],"about":[{"href":"https:\/\/rna.ao\/rna.ao\/wp-json\/wp\/v2\/types\/post"}],"author":[{"embeddable":true,"href":"https:\/\/rna.ao\/rna.ao\/wp-json\/wp\/v2\/users\/9"}],"replies":[{"embeddable":true,"href":"https:\/\/rna.ao\/rna.ao\/wp-json\/wp\/v2\/comments?post=162027"}],"version-history":[{"count":1,"href":"https:\/\/rna.ao\/rna.ao\/wp-json\/wp\/v2\/posts\/162027\/revisions"}],"predecessor-version":[{"id":162029,"href":"https:\/\/rna.ao\/rna.ao\/wp-json\/wp\/v2\/posts\/162027\/revisions\/162029"}],"wp:featuredmedia":[{"embeddable":true,"href":"https:\/\/rna.ao\/rna.ao\/wp-json\/wp\/v2\/media\/82250"}],"wp:attachment":[{"href":"https:\/\/rna.ao\/rna.ao\/wp-json\/wp\/v2\/media?parent=162027"}],"wp:term":[{"taxonomy":"category","embeddable":true,"href":"https:\/\/rna.ao\/rna.ao\/wp-json\/wp\/v2\/categories?post=162027"},{"taxonomy":"post_tag","embeddable":true,"href":"https:\/\/rna.ao\/rna.ao\/wp-json\/wp\/v2\/tags?post=162027"}],"curies":[{"name":"wp","href":"https:\/\/api.w.org\/{rel}","templated":true}]}}