{"id":161778,"date":"2024-11-23T16:44:08","date_gmt":"2024-11-23T15:44:08","guid":{"rendered":"https:\/\/rna.ao\/rna.ao\/?p=161778"},"modified":"2024-11-23T16:44:08","modified_gmt":"2024-11-23T15:44:08","slug":"taag-inicia-a-10-de-dezembro-voos-para-o-soyo-dundo-saurimo-e-luena-a-partir-do-aiaan","status":"publish","type":"post","link":"https:\/\/rna.ao\/rna.ao\/2024\/11\/23\/taag-inicia-a-10-de-dezembro-voos-para-o-soyo-dundo-saurimo-e-luena-a-partir-do-aiaan\/","title":{"rendered":"TAAG inicia a 10 de Dezembro voos para o Soyo, Dundo, Saurimo e Luena a partir do AIAAN"},"content":{"rendered":"<p><img loading=\"lazy\" class=\"alignnone size-medium wp-image-110672\" src=\"https:\/\/rna.ao\/rna.ao\/wp-content\/uploads\/2023\/07\/TAAG-770x482.jpg\" alt=\"\" width=\"770\" height=\"482\" srcset=\"https:\/\/rna.ao\/rna.ao\/wp-content\/uploads\/2023\/07\/TAAG-770x482.jpg 770w, https:\/\/rna.ao\/rna.ao\/wp-content\/uploads\/2023\/07\/TAAG-768x481.jpg 768w, https:\/\/rna.ao\/rna.ao\/wp-content\/uploads\/2023\/07\/TAAG.jpg 800w\" sizes=\"(max-width: 770px) 100vw, 770px\" \/><\/p>\n<p>A companhia de bandeira TAAG vai iniciar a liga\u00e7\u00e3o das rotas dom\u00e9sticas Soyo, Luena, Dundo e Saurimo, no Aeroporto Internacional Dr. Ant\u00f3nio Agostinho Neto, em Luanda, a partir do dia 10 de Dezembro deste ano.<\/p>\n<p>A incorpora\u00e7\u00e3o dos destinos do Dundo, Saurimo, Luena e Soyo na programa\u00e7\u00e3o de voos a partir do Aeroporto Dr. Ant\u00f3nio Agostinho Neto durante o m\u00eas de Dezembro, &#8220;est\u00e1 em conformidade com o plano de transfer\u00eancia faseado&#8221;, segundo um comunicado de imprensa.<\/p>\n<div class=\"ql-align-justify\"><\/div>\n<div class=\"ql-align-justify\">Os servi\u00e7os, adianta a TAAG, ser\u00e3o operados por uma aeronave modelo Dash 8-Q400, com capacidade para 74 passageiros (64 em classe econ\u00f3mica e 10 em classe executiva).<\/div>\n","protected":false},"excerpt":{"rendered":"<p>A companhia de bandeira TAAG vai iniciar a liga\u00e7\u00e3o das rotas dom\u00e9sticas Soyo, Luena, Dundo e Saurimo, no Aeroporto Internacional Dr. Ant\u00f3nio Agostinho Neto, em Luanda, a partir do dia 10 de Dezembro deste ano. A incorpora\u00e7\u00e3o dos destinos do Dundo, Saurimo, Luena e Soyo na programa\u00e7\u00e3o de voos a ...<\/p>\n","protected":false},"author":9,"featured_media":28734,"comment_status":"closed","ping_status":"closed","sticky":false,"template":"","format":"standard","meta":[],"categories":[142,121,164,163],"tags":[],"_links":{"self":[{"href":"https:\/\/rna.ao\/rna.ao\/wp-json\/wp\/v2\/posts\/161778"}],"collection":[{"href":"https:\/\/rna.ao\/rna.ao\/wp-json\/wp\/v2\/posts"}],"about":[{"href":"https:\/\/rna.ao\/rna.ao\/wp-json\/wp\/v2\/types\/post"}],"author":[{"embeddable":true,"href":"https:\/\/rna.ao\/rna.ao\/wp-json\/wp\/v2\/users\/9"}],"replies":[{"embeddable":true,"href":"https:\/\/rna.ao\/rna.ao\/wp-json\/wp\/v2\/comments?post=161778"}],"version-history":[{"count":2,"href":"https:\/\/rna.ao\/rna.ao\/wp-json\/wp\/v2\/posts\/161778\/revisions"}],"predecessor-version":[{"id":161780,"href":"https:\/\/rna.ao\/rna.ao\/wp-json\/wp\/v2\/posts\/161778\/revisions\/161780"}],"wp:featuredmedia":[{"embeddable":true,"href":"https:\/\/rna.ao\/rna.ao\/wp-json\/wp\/v2\/media\/28734"}],"wp:attachment":[{"href":"https:\/\/rna.ao\/rna.ao\/wp-json\/wp\/v2\/media?parent=161778"}],"wp:term":[{"taxonomy":"category","embeddable":true,"href":"https:\/\/rna.ao\/rna.ao\/wp-json\/wp\/v2\/categories?post=161778"},{"taxonomy":"post_tag","embeddable":true,"href":"https:\/\/rna.ao\/rna.ao\/wp-json\/wp\/v2\/tags?post=161778"}],"curies":[{"name":"wp","href":"https:\/\/api.w.org\/{rel}","templated":true}]}}