{"id":161270,"date":"2024-11-17T02:22:46","date_gmt":"2024-11-17T01:22:46","guid":{"rendered":"https:\/\/rna.ao\/rna.ao\/?p=161270"},"modified":"2024-11-17T02:22:46","modified_gmt":"2024-11-17T01:22:46","slug":"primeira-dama-da-republica-prestigia-caminhada-sobre-prevencao-do-cancro","status":"publish","type":"post","link":"https:\/\/rna.ao\/rna.ao\/2024\/11\/17\/primeira-dama-da-republica-prestigia-caminhada-sobre-prevencao-do-cancro\/","title":{"rendered":"Primeira-Dama da Rep\u00fablica prestigia caminhada sobre preven\u00e7\u00e3o do cancro"},"content":{"rendered":"<p><img loading=\"lazy\" class=\"alignnone size-medium wp-image-161271\" src=\"https:\/\/rna.ao\/rna.ao\/wp-content\/uploads\/2024\/11\/IMG_8361-770x538.jpeg\" alt=\"\" width=\"770\" height=\"538\" srcset=\"https:\/\/rna.ao\/rna.ao\/wp-content\/uploads\/2024\/11\/IMG_8361-770x538.jpeg 770w, https:\/\/rna.ao\/rna.ao\/wp-content\/uploads\/2024\/11\/IMG_8361-768x537.jpeg 768w, https:\/\/rna.ao\/rna.ao\/wp-content\/uploads\/2024\/11\/IMG_8361.jpeg 1080w\" sizes=\"(max-width: 770px) 100vw, 770px\" \/><\/p>\n<p>A Primeira-Dama da Rep\u00fablica, Ana Dias Louren\u00e7o, participou, este s\u00e1bado, na caminhada pela preven\u00e7\u00e3o e diagn\u00f3stico precoce do cancro de mama, do colo do \u00fatero e da pr\u00f3stata.<\/p>\n<div>O evento organizado pelo Banco Nacional de Angola (BNA) contou com cerca de 2.000 colaboradores dos organismos de regula\u00e7\u00e3o e supervis\u00e3o do sistema financeiro nacional.<\/div>\n<div><\/div>\n<div>Ana Dias Louren\u00e7o presidiu, ainda, a cerim\u00f3nia de entrega de donativos ao Instituto Angolano de Controlo do Cancro, acto que visa minimizar a car\u00eancia de bens de primeira necessidade no Hospital Oncol\u00f3gico.<\/p>\n<\/div>\n<div>Sob o lema: \u201cO sector financeiro a cor muda, a luta n\u00e3o\u201d, a marcha decorreu em simult\u00e2neo nas prov\u00edncias de Luanda, Benguela, Huambo, U\u00edge, \u00a0Hu\u00edla, Cabinda, Cuando-Cubango e Moxico.<\/div>\n","protected":false},"excerpt":{"rendered":"<p>A Primeira-Dama da Rep\u00fablica, Ana Dias Louren\u00e7o, participou, este s\u00e1bado, na caminhada pela preven\u00e7\u00e3o e diagn\u00f3stico precoce do cancro de mama, do colo do \u00fatero e da pr\u00f3stata. O evento organizado pelo Banco Nacional de Angola (BNA) contou com cerca de 2.000 colaboradores dos organismos de regula\u00e7\u00e3o e supervis\u00e3o do ...<\/p>\n","protected":false},"author":19,"featured_media":161272,"comment_status":"closed","ping_status":"closed","sticky":false,"template":"","format":"standard","meta":[],"categories":[142,121,163],"tags":[],"_links":{"self":[{"href":"https:\/\/rna.ao\/rna.ao\/wp-json\/wp\/v2\/posts\/161270"}],"collection":[{"href":"https:\/\/rna.ao\/rna.ao\/wp-json\/wp\/v2\/posts"}],"about":[{"href":"https:\/\/rna.ao\/rna.ao\/wp-json\/wp\/v2\/types\/post"}],"author":[{"embeddable":true,"href":"https:\/\/rna.ao\/rna.ao\/wp-json\/wp\/v2\/users\/19"}],"replies":[{"embeddable":true,"href":"https:\/\/rna.ao\/rna.ao\/wp-json\/wp\/v2\/comments?post=161270"}],"version-history":[{"count":1,"href":"https:\/\/rna.ao\/rna.ao\/wp-json\/wp\/v2\/posts\/161270\/revisions"}],"predecessor-version":[{"id":161273,"href":"https:\/\/rna.ao\/rna.ao\/wp-json\/wp\/v2\/posts\/161270\/revisions\/161273"}],"wp:featuredmedia":[{"embeddable":true,"href":"https:\/\/rna.ao\/rna.ao\/wp-json\/wp\/v2\/media\/161272"}],"wp:attachment":[{"href":"https:\/\/rna.ao\/rna.ao\/wp-json\/wp\/v2\/media?parent=161270"}],"wp:term":[{"taxonomy":"category","embeddable":true,"href":"https:\/\/rna.ao\/rna.ao\/wp-json\/wp\/v2\/categories?post=161270"},{"taxonomy":"post_tag","embeddable":true,"href":"https:\/\/rna.ao\/rna.ao\/wp-json\/wp\/v2\/tags?post=161270"}],"curies":[{"name":"wp","href":"https:\/\/api.w.org\/{rel}","templated":true}]}}