{"id":161197,"date":"2024-11-15T13:44:36","date_gmt":"2024-11-15T12:44:36","guid":{"rendered":"https:\/\/rna.ao\/rna.ao\/?p=161197"},"modified":"2024-11-15T13:44:36","modified_gmt":"2024-11-15T12:44:36","slug":"hospitais-de-benguela-com-escassez-de-recursos-humanos-prolemas-nas-infraestruturas-e-falta-agua","status":"publish","type":"post","link":"https:\/\/rna.ao\/rna.ao\/2024\/11\/15\/hospitais-de-benguela-com-escassez-de-recursos-humanos-prolemas-nas-infraestruturas-e-falta-agua\/","title":{"rendered":"Hospitais de Benguela com escassez de recursos humanos, prolemas nas infraestruturas e falta \u00e1gua"},"content":{"rendered":"<p><img loading=\"lazy\" class=\"size-full wp-image-148948 alignleft\" src=\"https:\/\/rna.ao\/rna.ao\/wp-content\/uploads\/2024\/07\/hospital-geral-do-Uige.jpg\" alt=\"\" width=\"320\" height=\"157\" \/>Os hospitais da Prov\u00edncia de Benguela, v\u00e3o merecer uma aten\u00e7\u00e3o especial do Governo Provincial para a resolu\u00e7\u00e3o dos problemas mais cadentes. A garantia foi dada pelo governador, Manuel Nunes J\u00fanior que visitou na quinta-feira(14) tr\u00eas unidades hospitalares da Prov\u00edncia. Entre as in\u00fameras dificuldades, destacam-se a escassez de recursos humanos, problemas nas infraestruturas e falta de \u00e1gua. Saiba mais dados, no \u00e1udio abaixo, com o rep\u00f3rter Louren\u00e7o Cavanda:<\/p>\n\t<div class=\"qtmplayer-playlist-large\">\n\t\t<ul class=\"qtmplayer-playlist\">\n\t\t\t\n\t\t\t\t\t<li class=\"qtmplayer-trackitem\">\n\t\t<img src=\"https:\/\/rna.ao\/rna.ao\/wp-content\/uploads\/2024\/07\/hospital-geral-do-Uige-100x100.jpg\" alt=\"cover\">\t\t<span \t\t\tdata-qtmplayer-cover=\"https:\/\/rna.ao\/rna.ao\/wp-content\/uploads\/2024\/07\/hospital-geral-do-Uige.jpg\"\n\t\t\t\t\t\tdata-qtmplayer-file=\"https:\/\/rna.ao\/rna.ao\/wp-content\/uploads\/2024\/11\/BENGUELA-HOSPITAL-NAO-TEM-AGUA-13-HRS.mp3\"\n\t\t\t\t\t\tdata-qtmplayer-title=\"Hospitais de Benguela com escassez de recursos humanos, prolemas nas infraestruturas e falta \u00e1gua\"\n\t\t\t\t\t\tdata-qtmplayer-artist=\"Gabriel Veloso\"\n\t\t\t\t\t\tdata-qtmplayer-link=\"https:\/\/rna.ao\/rna.ao\/2024\/11\/15\/hospitais-de-benguela-com-escassez-de-recursos-humanos-prolemas-nas-infraestruturas-e-falta-agua\/\"\n\t\t\t\t\t\tdata-qtmplayer-icon=\"file_download\"\n\t\t\t\t\t\tdata-qtmplayer-type=\"track\"\n\t\t\t class=\"qtmplayer-play qtmplayer-link-sec qtmplayer-play-btn\"><i class='material-icons'>play_arrow<\/i><\/span>\n\t\t<p>\n\t\t\t<span class=\"qtmplayer-tit\">Hospitais de Benguela com escassez de recursos humanos, prolemas nas infraestruturas e falta \u00e1gua<\/span>\n\t\t\t<span class=\"qtmplayer-art\">Gabriel Veloso<\/span>\n\t\t<\/p>\n\t<\/li>\n\t\t<\/ul>\n\t<\/div>\t\t\t\n\t\n","protected":false},"excerpt":{"rendered":"<p>Os hospitais da Prov\u00edncia de Benguela, v\u00e3o merecer uma aten\u00e7\u00e3o especial do Governo Provincial para a resolu\u00e7\u00e3o dos problemas mais cadentes. A garantia foi dada pelo governador, Manuel Nunes J\u00fanior que visitou na quinta-feira(14) tr\u00eas unidades hospitalares da Prov\u00edncia. Entre as in\u00fameras dificuldades, destacam-se a escassez de recursos humanos, problemas ...<\/p>\n","protected":false},"author":19,"featured_media":148948,"comment_status":"closed","ping_status":"closed","sticky":false,"template":"","format":"standard","meta":[],"categories":[142,121,164,163],"tags":[],"_links":{"self":[{"href":"https:\/\/rna.ao\/rna.ao\/wp-json\/wp\/v2\/posts\/161197"}],"collection":[{"href":"https:\/\/rna.ao\/rna.ao\/wp-json\/wp\/v2\/posts"}],"about":[{"href":"https:\/\/rna.ao\/rna.ao\/wp-json\/wp\/v2\/types\/post"}],"author":[{"embeddable":true,"href":"https:\/\/rna.ao\/rna.ao\/wp-json\/wp\/v2\/users\/19"}],"replies":[{"embeddable":true,"href":"https:\/\/rna.ao\/rna.ao\/wp-json\/wp\/v2\/comments?post=161197"}],"version-history":[{"count":1,"href":"https:\/\/rna.ao\/rna.ao\/wp-json\/wp\/v2\/posts\/161197\/revisions"}],"predecessor-version":[{"id":161199,"href":"https:\/\/rna.ao\/rna.ao\/wp-json\/wp\/v2\/posts\/161197\/revisions\/161199"}],"wp:featuredmedia":[{"embeddable":true,"href":"https:\/\/rna.ao\/rna.ao\/wp-json\/wp\/v2\/media\/148948"}],"wp:attachment":[{"href":"https:\/\/rna.ao\/rna.ao\/wp-json\/wp\/v2\/media?parent=161197"}],"wp:term":[{"taxonomy":"category","embeddable":true,"href":"https:\/\/rna.ao\/rna.ao\/wp-json\/wp\/v2\/categories?post=161197"},{"taxonomy":"post_tag","embeddable":true,"href":"https:\/\/rna.ao\/rna.ao\/wp-json\/wp\/v2\/tags?post=161197"}],"curies":[{"name":"wp","href":"https:\/\/api.w.org\/{rel}","templated":true}]}}