{"id":161193,"date":"2024-11-15T13:39:42","date_gmt":"2024-11-15T12:39:42","guid":{"rendered":"https:\/\/rna.ao\/rna.ao\/?p=161193"},"modified":"2024-11-15T13:39:42","modified_gmt":"2024-11-15T12:39:42","slug":"joel-leonardo-inaugura-novas-instalacoes-do-tribunal-de-comarca-do-uige","status":"publish","type":"post","link":"https:\/\/rna.ao\/rna.ao\/2024\/11\/15\/joel-leonardo-inaugura-novas-instalacoes-do-tribunal-de-comarca-do-uige\/","title":{"rendered":"Joel Leonardo inaugura novas instala\u00e7\u00f5es do Tribunal de Comarca do U\u00edge"},"content":{"rendered":"<p><img loading=\"lazy\" class=\"wp-image-160316 alignleft\" src=\"https:\/\/rna.ao\/rna.ao\/wp-content\/uploads\/2024\/11\/IMG_7831-770x571.jpeg\" alt=\"\" width=\"376\" height=\"279\" srcset=\"https:\/\/rna.ao\/rna.ao\/wp-content\/uploads\/2024\/11\/IMG_7831-770x571.jpeg 770w, https:\/\/rna.ao\/rna.ao\/wp-content\/uploads\/2024\/11\/IMG_7831-768x570.jpeg 768w, https:\/\/rna.ao\/rna.ao\/wp-content\/uploads\/2024\/11\/IMG_7831.jpeg 1080w\" sizes=\"(max-width: 376px) 100vw, 376px\" \/>O Tribunal de Comarca do U\u00edge, tem novas instala\u00e7\u00f5es inauguradas hoje, sexta-feira, 15 de Novembro pelo Juiz Conselheiro Presidente do Tribunal Supremo, Joel Leonardo. Or\u00e7ado em mais de 138 milh\u00f5es de Kwanzas, o tribunal de comarca vai conferir maior celeridade na tramita\u00e7\u00e3o processual bem como melhores condi\u00e7\u00f5es de trabalho aos magistrados. Clique, no \u00e1udio abaixo, e saiba mais com o jornalista Bas\u00edlio Samuel:<\/p>\n\t<div class=\"qtmplayer-playlist-large\">\n\t\t<ul class=\"qtmplayer-playlist\">\n\t\t\t\n\t\t\t\t\t<li class=\"qtmplayer-trackitem\">\n\t\t<img src=\"https:\/\/rna.ao\/rna.ao\/wp-content\/uploads\/2020\/11\/tributacao-juridica-100x100.jpg\" alt=\"cover\">\t\t<span \t\t\tdata-qtmplayer-cover=\"https:\/\/rna.ao\/rna.ao\/wp-content\/uploads\/2020\/11\/tributacao-juridica.jpg\"\n\t\t\t\t\t\tdata-qtmplayer-file=\"https:\/\/rna.ao\/rna.ao\/wp-content\/uploads\/2024\/11\/UIGE-JUIZ-CONSELHEIRO-PRESIDENTE-DO-TRIBUNAL-SUPREMO-13-HRS.mp3\"\n\t\t\t\t\t\tdata-qtmplayer-title=\"Joel Leonardo inaugura novas instala\u00e7\u00f5es do Tribunal de Comarca do U\u00edge\"\n\t\t\t\t\t\tdata-qtmplayer-artist=\"Gabriel Veloso\"\n\t\t\t\t\t\tdata-qtmplayer-link=\"https:\/\/rna.ao\/rna.ao\/2024\/11\/15\/joel-leonardo-inaugura-novas-instalacoes-do-tribunal-de-comarca-do-uige\/\"\n\t\t\t\t\t\tdata-qtmplayer-icon=\"file_download\"\n\t\t\t\t\t\tdata-qtmplayer-type=\"track\"\n\t\t\t class=\"qtmplayer-play qtmplayer-link-sec qtmplayer-play-btn\"><i class='material-icons'>play_arrow<\/i><\/span>\n\t\t<p>\n\t\t\t<span class=\"qtmplayer-tit\">Joel Leonardo inaugura novas instala\u00e7\u00f5es do Tribunal de Comarca do U\u00edge<\/span>\n\t\t\t<span class=\"qtmplayer-art\">Gabriel Veloso<\/span>\n\t\t<\/p>\n\t<\/li>\n\t\t<\/ul>\n\t<\/div>\t\t\t\n\t\n","protected":false},"excerpt":{"rendered":"<p>O Tribunal de Comarca do U\u00edge, tem novas instala\u00e7\u00f5es inauguradas hoje, sexta-feira, 15 de Novembro pelo Juiz Conselheiro Presidente do Tribunal Supremo, Joel Leonardo. Or\u00e7ado em mais de 138 milh\u00f5es de Kwanzas, o tribunal de comarca vai conferir maior celeridade na tramita\u00e7\u00e3o processual bem como melhores condi\u00e7\u00f5es de trabalho aos ...<\/p>\n","protected":false},"author":19,"featured_media":10715,"comment_status":"closed","ping_status":"closed","sticky":false,"template":"","format":"standard","meta":[],"categories":[142,121,164,163],"tags":[],"_links":{"self":[{"href":"https:\/\/rna.ao\/rna.ao\/wp-json\/wp\/v2\/posts\/161193"}],"collection":[{"href":"https:\/\/rna.ao\/rna.ao\/wp-json\/wp\/v2\/posts"}],"about":[{"href":"https:\/\/rna.ao\/rna.ao\/wp-json\/wp\/v2\/types\/post"}],"author":[{"embeddable":true,"href":"https:\/\/rna.ao\/rna.ao\/wp-json\/wp\/v2\/users\/19"}],"replies":[{"embeddable":true,"href":"https:\/\/rna.ao\/rna.ao\/wp-json\/wp\/v2\/comments?post=161193"}],"version-history":[{"count":2,"href":"https:\/\/rna.ao\/rna.ao\/wp-json\/wp\/v2\/posts\/161193\/revisions"}],"predecessor-version":[{"id":161196,"href":"https:\/\/rna.ao\/rna.ao\/wp-json\/wp\/v2\/posts\/161193\/revisions\/161196"}],"wp:featuredmedia":[{"embeddable":true,"href":"https:\/\/rna.ao\/rna.ao\/wp-json\/wp\/v2\/media\/10715"}],"wp:attachment":[{"href":"https:\/\/rna.ao\/rna.ao\/wp-json\/wp\/v2\/media?parent=161193"}],"wp:term":[{"taxonomy":"category","embeddable":true,"href":"https:\/\/rna.ao\/rna.ao\/wp-json\/wp\/v2\/categories?post=161193"},{"taxonomy":"post_tag","embeddable":true,"href":"https:\/\/rna.ao\/rna.ao\/wp-json\/wp\/v2\/tags?post=161193"}],"curies":[{"name":"wp","href":"https:\/\/api.w.org\/{rel}","templated":true}]}}