{"id":16060,"date":"2021-01-28T07:11:17","date_gmt":"2021-01-28T06:11:17","guid":{"rendered":"https:\/\/rna.ao\/rna.ao\/?p=16060"},"modified":"2021-01-29T07:32:55","modified_gmt":"2021-01-29T06:32:55","slug":"justica-incentiva-cidadaos-a-denunciarem-casos-de-corrupcao-no-sector","status":"publish","type":"post","link":"https:\/\/rna.ao\/rna.ao\/2021\/01\/28\/justica-incentiva-cidadaos-a-denunciarem-casos-de-corrupcao-no-sector\/","title":{"rendered":"Justi\u00e7a incentiva cidad\u00e3os a denunciarem casos de corrup\u00e7\u00e3o no sector"},"content":{"rendered":"<p><img loading=\"lazy\" class=\"size-full wp-image-12862 alignleft\" src=\"https:\/\/rna.ao\/rna.ao\/wp-content\/uploads\/2020\/12\/Francisco-Queiros-11.jpg\" alt=\"\" width=\"300\" height=\"200\" \/>O Minist\u00e9rio da Justi\u00e7a e dos Direitos Humanos quer acabar com, supostos, casos de corrup\u00e7\u00e3o existentes no sector.<\/p>\n<p>O Ministro de tutela, Francisco Queir\u00f3s, incentiva os cidad\u00e3os a denunciarem estes casos, para que os seus autores sejam responsabilizados nos termos da Lei.<\/p>\n<p>Francisco Queir\u00f3s afirma que os supostos casos de corrup\u00e7\u00e3o, no sector da justi\u00e7a, t\u00eam focos internos em colabora\u00e7\u00e3o com intermedi\u00e1rios, entre seguran\u00e7as, motoqueiros e at\u00e9 quitandeiras. Clique no \u00e1udio, abaixo, e ou\u00e7a:<\/p>\n\t<div class=\"qtmplayer-playlist-large\">\n\t\t<ul class=\"qtmplayer-playlist\">\n\t\t\t\n\t\t\t\t\t<li class=\"qtmplayer-trackitem\">\n\t\t<img src=\"https:\/\/rna.ao\/rna.ao\/wp-content\/uploads\/2020\/12\/Francisco-Queiros-11-100x100.jpg\" alt=\"cover\">\t\t<span \t\t\tdata-qtmplayer-cover=\"https:\/\/rna.ao\/rna.ao\/wp-content\/uploads\/2020\/12\/Francisco-Queiros-11.jpg\"\n\t\t\t\t\t\tdata-qtmplayer-file=\"https:\/\/rna.ao\/rna.ao\/wp-content\/uploads\/2021\/01\/FRANCISCO-QUEIROZ.mp3\"\n\t\t\t\t\t\tdata-qtmplayer-title=\"Justi\u00e7a incentiva cidad\u00e3os a denunciarem casos de corrup\u00e7\u00e3o no sector\"\n\t\t\t\t\t\tdata-qtmplayer-artist=\"RNA\"\n\t\t\t\t\t\tdata-qtmplayer-link=\"https:\/\/rna.ao\/rna.ao\/2021\/01\/28\/justica-incentiva-cidadaos-a-denunciarem-casos-de-corrupcao-no-sector\/\"\n\t\t\t\t\t\tdata-qtmplayer-icon=\"file_download\"\n\t\t\t\t\t\tdata-qtmplayer-type=\"track\"\n\t\t\t class=\"qtmplayer-play qtmplayer-link-sec qtmplayer-play-btn\"><i class='material-icons'>play_arrow<\/i><\/span>\n\t\t<p>\n\t\t\t<span class=\"qtmplayer-tit\">Justi\u00e7a incentiva cidad\u00e3os a denunciarem casos de corrup\u00e7\u00e3o no sector<\/span>\n\t\t\t<span class=\"qtmplayer-art\">RNA<\/span>\n\t\t<\/p>\n\t<\/li>\n\t\t<\/ul>\n\t<\/div>\t\t\t\n\t\n<p>Fonte: RNA<\/p>\n","protected":false},"excerpt":{"rendered":"<p>O Minist\u00e9rio da Justi\u00e7a e dos Direitos Humanos quer acabar com, supostos, casos de corrup\u00e7\u00e3o existentes no sector. O Ministro de tutela, Francisco Queir\u00f3s, incentiva os cidad\u00e3os a denunciarem estes casos, para que os seus autores sejam responsabilizados nos termos da Lei. Francisco Queir\u00f3s afirma que os supostos casos de ...<\/p>\n","protected":false},"author":8,"featured_media":12862,"comment_status":"closed","ping_status":"closed","sticky":false,"template":"","format":"standard","meta":[],"categories":[142,164,163],"tags":[],"_links":{"self":[{"href":"https:\/\/rna.ao\/rna.ao\/wp-json\/wp\/v2\/posts\/16060"}],"collection":[{"href":"https:\/\/rna.ao\/rna.ao\/wp-json\/wp\/v2\/posts"}],"about":[{"href":"https:\/\/rna.ao\/rna.ao\/wp-json\/wp\/v2\/types\/post"}],"author":[{"embeddable":true,"href":"https:\/\/rna.ao\/rna.ao\/wp-json\/wp\/v2\/users\/8"}],"replies":[{"embeddable":true,"href":"https:\/\/rna.ao\/rna.ao\/wp-json\/wp\/v2\/comments?post=16060"}],"version-history":[{"count":1,"href":"https:\/\/rna.ao\/rna.ao\/wp-json\/wp\/v2\/posts\/16060\/revisions"}],"predecessor-version":[{"id":16068,"href":"https:\/\/rna.ao\/rna.ao\/wp-json\/wp\/v2\/posts\/16060\/revisions\/16068"}],"wp:featuredmedia":[{"embeddable":true,"href":"https:\/\/rna.ao\/rna.ao\/wp-json\/wp\/v2\/media\/12862"}],"wp:attachment":[{"href":"https:\/\/rna.ao\/rna.ao\/wp-json\/wp\/v2\/media?parent=16060"}],"wp:term":[{"taxonomy":"category","embeddable":true,"href":"https:\/\/rna.ao\/rna.ao\/wp-json\/wp\/v2\/categories?post=16060"},{"taxonomy":"post_tag","embeddable":true,"href":"https:\/\/rna.ao\/rna.ao\/wp-json\/wp\/v2\/tags?post=16060"}],"curies":[{"name":"wp","href":"https:\/\/api.w.org\/{rel}","templated":true}]}}