{"id":16053,"date":"2021-01-28T06:53:02","date_gmt":"2021-01-28T05:53:02","guid":{"rendered":"https:\/\/rna.ao\/rna.ao\/?p=16053"},"modified":"2021-01-28T07:27:41","modified_gmt":"2021-01-28T06:27:41","slug":"maptss-da-inicio-ao-programa-de-estagio-remunerado-para-mais-de-dois-mil-jovens","status":"publish","type":"post","link":"https:\/\/rna.ao\/rna.ao\/2021\/01\/28\/maptss-da-inicio-ao-programa-de-estagio-remunerado-para-mais-de-dois-mil-jovens\/","title":{"rendered":"MAPTSS d\u00e1 in\u00edcio ao programa de est\u00e1gio remunerado para mais de dois mil jovens"},"content":{"rendered":"<p><img loading=\"lazy\" class=\"size-full wp-image-16055 alignleft\" src=\"https:\/\/rna.ao\/rna.ao\/wp-content\/uploads\/2021\/01\/Pedro-Filipe-28.jpg\" alt=\"\" width=\"302\" height=\"198\" \/>O Minist\u00e9rio da Administra\u00e7\u00e3o P\u00fablica, Trabalho e Seguran\u00e7a Social (MAPTSS) lan\u00e7ou no mercado de trabalho, o programa de est\u00e1gios profissionais que numa primeira fase vai beneficiar mais de dois mil jovens.<\/p>\n<p>De acordo com o Secret\u00e1rio de Estado do Trabalho, Pedro Filipe (na foto), o programa de est\u00e1gio remunerado, conta com o financiamento do Governo angolano, da Uni\u00e3o Europeia e do PNUD. Clique no \u00e1udio, abaixo, e ou\u00e7a:<\/p>\n\t<div class=\"qtmplayer-playlist-large\">\n\t\t<ul class=\"qtmplayer-playlist\">\n\t\t\t\n\t\t\t\t\t<li class=\"qtmplayer-trackitem\">\n\t\t<img src=\"https:\/\/rna.ao\/rna.ao\/wp-content\/uploads\/2021\/01\/Pedro-Filipe-28-100x100.jpg\" alt=\"cover\">\t\t<span \t\t\tdata-qtmplayer-cover=\"https:\/\/rna.ao\/rna.ao\/wp-content\/uploads\/2021\/01\/Pedro-Filipe-28.jpg\"\n\t\t\t\t\t\tdata-qtmplayer-file=\"https:\/\/rna.ao\/rna.ao\/wp-content\/uploads\/2021\/01\/PEDRO-FILIPE-06-HRS.mp3\"\n\t\t\t\t\t\tdata-qtmplayer-title=\"MAPTSS d\u00e1 in\u00edcio ao programa de est\u00e1gio remunerado para mais de dois mil jovens\"\n\t\t\t\t\t\tdata-qtmplayer-artist=\"RNA\"\n\t\t\t\t\t\tdata-qtmplayer-link=\"https:\/\/rna.ao\/rna.ao\/2021\/01\/28\/maptss-da-inicio-ao-programa-de-estagio-remunerado-para-mais-de-dois-mil-jovens\/\"\n\t\t\t\t\t\tdata-qtmplayer-icon=\"file_download\"\n\t\t\t\t\t\tdata-qtmplayer-type=\"track\"\n\t\t\t class=\"qtmplayer-play qtmplayer-link-sec qtmplayer-play-btn\"><i class='material-icons'>play_arrow<\/i><\/span>\n\t\t<p>\n\t\t\t<span class=\"qtmplayer-tit\">MAPTSS d\u00e1 in\u00edcio ao programa de est\u00e1gio remunerado para mais de dois mil jovens<\/span>\n\t\t\t<span class=\"qtmplayer-art\">RNA<\/span>\n\t\t<\/p>\n\t<\/li>\n\t\t<\/ul>\n\t<\/div>\t\t\t\n\t\n<p>Fonte: RNA<\/p>\n","protected":false},"excerpt":{"rendered":"<p>O Minist\u00e9rio da Administra\u00e7\u00e3o P\u00fablica, Trabalho e Seguran\u00e7a Social (MAPTSS) lan\u00e7ou no mercado de trabalho, o programa de est\u00e1gios profissionais que numa primeira fase vai beneficiar mais de dois mil jovens. De acordo com o Secret\u00e1rio de Estado do Trabalho, Pedro Filipe (na foto), o programa de est\u00e1gio remunerado, conta ...<\/p>\n","protected":false},"author":8,"featured_media":16055,"comment_status":"closed","ping_status":"closed","sticky":false,"template":"","format":"standard","meta":[],"categories":[121,163],"tags":[],"_links":{"self":[{"href":"https:\/\/rna.ao\/rna.ao\/wp-json\/wp\/v2\/posts\/16053"}],"collection":[{"href":"https:\/\/rna.ao\/rna.ao\/wp-json\/wp\/v2\/posts"}],"about":[{"href":"https:\/\/rna.ao\/rna.ao\/wp-json\/wp\/v2\/types\/post"}],"author":[{"embeddable":true,"href":"https:\/\/rna.ao\/rna.ao\/wp-json\/wp\/v2\/users\/8"}],"replies":[{"embeddable":true,"href":"https:\/\/rna.ao\/rna.ao\/wp-json\/wp\/v2\/comments?post=16053"}],"version-history":[{"count":2,"href":"https:\/\/rna.ao\/rna.ao\/wp-json\/wp\/v2\/posts\/16053\/revisions"}],"predecessor-version":[{"id":16069,"href":"https:\/\/rna.ao\/rna.ao\/wp-json\/wp\/v2\/posts\/16053\/revisions\/16069"}],"wp:featuredmedia":[{"embeddable":true,"href":"https:\/\/rna.ao\/rna.ao\/wp-json\/wp\/v2\/media\/16055"}],"wp:attachment":[{"href":"https:\/\/rna.ao\/rna.ao\/wp-json\/wp\/v2\/media?parent=16053"}],"wp:term":[{"taxonomy":"category","embeddable":true,"href":"https:\/\/rna.ao\/rna.ao\/wp-json\/wp\/v2\/categories?post=16053"},{"taxonomy":"post_tag","embeddable":true,"href":"https:\/\/rna.ao\/rna.ao\/wp-json\/wp\/v2\/tags?post=16053"}],"curies":[{"name":"wp","href":"https:\/\/api.w.org\/{rel}","templated":true}]}}