{"id":16048,"date":"2021-01-28T06:43:12","date_gmt":"2021-01-28T05:43:12","guid":{"rendered":"https:\/\/rna.ao\/rna.ao\/?p=16048"},"modified":"2021-01-28T06:43:12","modified_gmt":"2021-01-28T05:43:12","slug":"associacao-de-taxistas-exige-execucao-do-plano-de-salvacao-das-estradas-para-reduzir-acidentes","status":"publish","type":"post","link":"https:\/\/rna.ao\/rna.ao\/2021\/01\/28\/associacao-de-taxistas-exige-execucao-do-plano-de-salvacao-das-estradas-para-reduzir-acidentes\/","title":{"rendered":"Associa\u00e7\u00e3o de taxistas exige execu\u00e7\u00e3o do Plano de Salva\u00e7\u00e3o das Estradas para reduzir acidentes"},"content":{"rendered":"<p><img loading=\"lazy\" class=\"size-full wp-image-16050 alignleft\" src=\"https:\/\/rna.ao\/rna.ao\/wp-content\/uploads\/2021\/01\/Rafael-Inacio-ANTA.jpg\" alt=\"\" width=\"308\" height=\"240\" \/>A falta de ilumina\u00e7\u00e3o p\u00fablica, nas Estradas nacionais, \u00e9 apontada como uma das causas de acidentes e inseguran\u00e7a na malha rodovi\u00e1ria do pa\u00eds.<\/p>\n<p>Os automobilistas continuam preocupados com esta situa\u00e7\u00e3o, pois, sobe, cada vez mais, o n\u00famero de pessoas que morrem e ficam com mobilidade reduzida, todos os dias nas nossas estradas.<\/p>\n<p>O presidente da Associa\u00e7\u00e3o dos Taxistas de Angola, Rafael In\u00e1cio (na foto), diz que os seus associados contribuem, para o Or\u00e7amento Geral do Estado, e lamenta a n\u00e3o execu\u00e7\u00e3o do Plano de Salva\u00e7\u00e3o das Estradas, lan\u00e7ado recentemente pelo Governo. Clique, abaixo, e ou\u00e7a:<\/p>\n\t<div class=\"qtmplayer-playlist-large\">\n\t\t<ul class=\"qtmplayer-playlist\">\n\t\t\t\n\t\t\t\t\t<li class=\"qtmplayer-trackitem\">\n\t\t<img src=\"https:\/\/rna.ao\/rna.ao\/wp-content\/uploads\/2021\/01\/TAXISTAS-100x100.jpg\" alt=\"cover\">\t\t<span \t\t\tdata-qtmplayer-cover=\"https:\/\/rna.ao\/rna.ao\/wp-content\/uploads\/2021\/01\/TAXISTAS.jpg\"\n\t\t\t\t\t\tdata-qtmplayer-file=\"https:\/\/rna.ao\/rna.ao\/wp-content\/uploads\/2021\/01\/RAFAEL-INACIO-06-HRS.mp3\"\n\t\t\t\t\t\tdata-qtmplayer-title=\"Associa\u00e7\u00e3o de taxistas exige execu\u00e7\u00e3o do Plano de Salva\u00e7\u00e3o das Estradas para reduzir acidentes\"\n\t\t\t\t\t\tdata-qtmplayer-artist=\"RNA\"\n\t\t\t\t\t\tdata-qtmplayer-link=\"https:\/\/rna.ao\/rna.ao\/2021\/01\/28\/associacao-de-taxistas-exige-execucao-do-plano-de-salvacao-das-estradas-para-reduzir-acidentes\/\"\n\t\t\t\t\t\tdata-qtmplayer-icon=\"file_download\"\n\t\t\t\t\t\tdata-qtmplayer-type=\"track\"\n\t\t\t class=\"qtmplayer-play qtmplayer-link-sec qtmplayer-play-btn\"><i class='material-icons'>play_arrow<\/i><\/span>\n\t\t<p>\n\t\t\t<span class=\"qtmplayer-tit\">Associa\u00e7\u00e3o de taxistas exige execu\u00e7\u00e3o do Plano de Salva\u00e7\u00e3o das Estradas para reduzir acidentes<\/span>\n\t\t\t<span class=\"qtmplayer-art\">RNA<\/span>\n\t\t<\/p>\n\t<\/li>\n\t\t<\/ul>\n\t<\/div>\t\t\t\n\t\n<p>Fonte: RNA<\/p>\n","protected":false},"excerpt":{"rendered":"<p>A falta de ilumina\u00e7\u00e3o p\u00fablica, nas Estradas nacionais, \u00e9 apontada como uma das causas de acidentes e inseguran\u00e7a na malha rodovi\u00e1ria do pa\u00eds. Os automobilistas continuam preocupados com esta situa\u00e7\u00e3o, pois, sobe, cada vez mais, o n\u00famero de pessoas que morrem e ficam com mobilidade reduzida, todos os dias nas ...<\/p>\n","protected":false},"author":8,"featured_media":16051,"comment_status":"closed","ping_status":"closed","sticky":false,"template":"","format":"standard","meta":[],"categories":[121,163],"tags":[],"_links":{"self":[{"href":"https:\/\/rna.ao\/rna.ao\/wp-json\/wp\/v2\/posts\/16048"}],"collection":[{"href":"https:\/\/rna.ao\/rna.ao\/wp-json\/wp\/v2\/posts"}],"about":[{"href":"https:\/\/rna.ao\/rna.ao\/wp-json\/wp\/v2\/types\/post"}],"author":[{"embeddable":true,"href":"https:\/\/rna.ao\/rna.ao\/wp-json\/wp\/v2\/users\/8"}],"replies":[{"embeddable":true,"href":"https:\/\/rna.ao\/rna.ao\/wp-json\/wp\/v2\/comments?post=16048"}],"version-history":[{"count":1,"href":"https:\/\/rna.ao\/rna.ao\/wp-json\/wp\/v2\/posts\/16048\/revisions"}],"predecessor-version":[{"id":16052,"href":"https:\/\/rna.ao\/rna.ao\/wp-json\/wp\/v2\/posts\/16048\/revisions\/16052"}],"wp:featuredmedia":[{"embeddable":true,"href":"https:\/\/rna.ao\/rna.ao\/wp-json\/wp\/v2\/media\/16051"}],"wp:attachment":[{"href":"https:\/\/rna.ao\/rna.ao\/wp-json\/wp\/v2\/media?parent=16048"}],"wp:term":[{"taxonomy":"category","embeddable":true,"href":"https:\/\/rna.ao\/rna.ao\/wp-json\/wp\/v2\/categories?post=16048"},{"taxonomy":"post_tag","embeddable":true,"href":"https:\/\/rna.ao\/rna.ao\/wp-json\/wp\/v2\/tags?post=16048"}],"curies":[{"name":"wp","href":"https:\/\/api.w.org\/{rel}","templated":true}]}}