{"id":16042,"date":"2021-01-28T06:25:14","date_gmt":"2021-01-28T05:25:14","guid":{"rendered":"https:\/\/rna.ao\/rna.ao\/?p=16042"},"modified":"2021-01-28T06:25:14","modified_gmt":"2021-01-28T05:25:14","slug":"angola-vai-tambem-adquirir-vacinas-de-outras-farmaceuticas-fora-da-iniciativa-covax","status":"publish","type":"post","link":"https:\/\/rna.ao\/rna.ao\/2021\/01\/28\/angola-vai-tambem-adquirir-vacinas-de-outras-farmaceuticas-fora-da-iniciativa-covax\/","title":{"rendered":"Angola vai tamb\u00e9m adquirir vacinas de outras farmac\u00eauticas fora da iniciativa Covax"},"content":{"rendered":"<p><img loading=\"lazy\" class=\"size-full wp-image-16046 alignleft\" src=\"https:\/\/rna.ao\/rna.ao\/wp-content\/uploads\/2021\/01\/Silvia-Lutucuta-28.jpg\" alt=\"\" width=\"249\" height=\"181\" \/>A Ministra da Sa\u00fade, S\u00edlvia Lutucuta, garantiu que Angola come\u00e7a a receber as primeiras vacinas contra a Covid-19, em meados do m\u00eas de Fevereiro, no ano em curso.<\/p>\n<p>S\u00edlvia Lutucuta disse ainda que, o pa\u00eds vai, tamb\u00e9m, adquirir vacinas de outras farmac\u00eauticas, que n\u00e3o fazem parte da iniciativa Covax. Clique no \u00e1udio, abaixo, e ou\u00e7a:<\/p>\n\t<div class=\"qtmplayer-playlist-large\">\n\t\t<ul class=\"qtmplayer-playlist\">\n\t\t\t\n\t\t\t\t\t<li class=\"qtmplayer-trackitem\">\n\t\t<img src=\"https:\/\/rna.ao\/rna.ao\/wp-content\/uploads\/2021\/01\/Silvia-Lutucuta-28-100x100.jpg\" alt=\"cover\">\t\t<span \t\t\tdata-qtmplayer-cover=\"https:\/\/rna.ao\/rna.ao\/wp-content\/uploads\/2021\/01\/Silvia-Lutucuta-28.jpg\"\n\t\t\t\t\t\tdata-qtmplayer-file=\"https:\/\/rna.ao\/rna.ao\/wp-content\/uploads\/2021\/01\/SILVIA-LUTUCUTA-06-HRS.mp3\"\n\t\t\t\t\t\tdata-qtmplayer-title=\"Angola vai tamb\u00e9m adquirir vacinas de outras farmac\u00eauticas fora da iniciativa Covax\"\n\t\t\t\t\t\tdata-qtmplayer-artist=\"RNA\"\n\t\t\t\t\t\tdata-qtmplayer-link=\"https:\/\/rna.ao\/rna.ao\/2021\/01\/28\/angola-vai-tambem-adquirir-vacinas-de-outras-farmaceuticas-fora-da-iniciativa-covax\/\"\n\t\t\t\t\t\tdata-qtmplayer-icon=\"file_download\"\n\t\t\t\t\t\tdata-qtmplayer-type=\"track\"\n\t\t\t class=\"qtmplayer-play qtmplayer-link-sec qtmplayer-play-btn\"><i class='material-icons'>play_arrow<\/i><\/span>\n\t\t<p>\n\t\t\t<span class=\"qtmplayer-tit\">Angola vai tamb\u00e9m adquirir vacinas de outras farmac\u00eauticas fora da iniciativa Covax<\/span>\n\t\t\t<span class=\"qtmplayer-art\">RNA<\/span>\n\t\t<\/p>\n\t<\/li>\n\t\t<\/ul>\n\t<\/div>\t\t\t\n\t\n<p>Fonte: RNA<\/p>\n","protected":false},"excerpt":{"rendered":"<p>A Ministra da Sa\u00fade, S\u00edlvia Lutucuta, garantiu que Angola come\u00e7a a receber as primeiras vacinas contra a Covid-19, em meados do m\u00eas de Fevereiro, no ano em curso. S\u00edlvia Lutucuta disse ainda que, o pa\u00eds vai, tamb\u00e9m, adquirir vacinas de outras farmac\u00eauticas, que n\u00e3o fazem parte da iniciativa Covax. Clique ...<\/p>\n","protected":false},"author":8,"featured_media":16046,"comment_status":"closed","ping_status":"closed","sticky":false,"template":"","format":"standard","meta":[],"categories":[121,163],"tags":[],"_links":{"self":[{"href":"https:\/\/rna.ao\/rna.ao\/wp-json\/wp\/v2\/posts\/16042"}],"collection":[{"href":"https:\/\/rna.ao\/rna.ao\/wp-json\/wp\/v2\/posts"}],"about":[{"href":"https:\/\/rna.ao\/rna.ao\/wp-json\/wp\/v2\/types\/post"}],"author":[{"embeddable":true,"href":"https:\/\/rna.ao\/rna.ao\/wp-json\/wp\/v2\/users\/8"}],"replies":[{"embeddable":true,"href":"https:\/\/rna.ao\/rna.ao\/wp-json\/wp\/v2\/comments?post=16042"}],"version-history":[{"count":1,"href":"https:\/\/rna.ao\/rna.ao\/wp-json\/wp\/v2\/posts\/16042\/revisions"}],"predecessor-version":[{"id":16047,"href":"https:\/\/rna.ao\/rna.ao\/wp-json\/wp\/v2\/posts\/16042\/revisions\/16047"}],"wp:featuredmedia":[{"embeddable":true,"href":"https:\/\/rna.ao\/rna.ao\/wp-json\/wp\/v2\/media\/16046"}],"wp:attachment":[{"href":"https:\/\/rna.ao\/rna.ao\/wp-json\/wp\/v2\/media?parent=16042"}],"wp:term":[{"taxonomy":"category","embeddable":true,"href":"https:\/\/rna.ao\/rna.ao\/wp-json\/wp\/v2\/categories?post=16042"},{"taxonomy":"post_tag","embeddable":true,"href":"https:\/\/rna.ao\/rna.ao\/wp-json\/wp\/v2\/tags?post=16042"}],"curies":[{"name":"wp","href":"https:\/\/api.w.org\/{rel}","templated":true}]}}