{"id":16041,"date":"2021-01-28T06:16:40","date_gmt":"2021-01-28T05:16:40","guid":{"rendered":"https:\/\/rna.ao\/rna.ao\/?p=16041"},"modified":"2021-01-28T06:58:33","modified_gmt":"2021-01-28T05:58:33","slug":"agricultura-e-pescas-dominam-forum-de-negocios-angola-china","status":"publish","type":"post","link":"https:\/\/rna.ao\/rna.ao\/2021\/01\/28\/agricultura-e-pescas-dominam-forum-de-negocios-angola-china\/","title":{"rendered":"Agricultura e pescas dominam F\u00f3rum de Neg\u00f3cios Angola\/China"},"content":{"rendered":"<p><img loading=\"lazy\" class=\"size-full wp-image-16043 alignleft\" src=\"https:\/\/rna.ao\/rna.ao\/wp-content\/uploads\/2021\/01\/Bandeiras-Angola-China.jpg\" alt=\"\" width=\"315\" height=\"216\" \/><\/p>\n<p>Um f\u00f3rum de neg\u00f3cios Angola\/China, no dom\u00ednio da agricultura e pescas, acontece esta quinta-feira, 28 de Janeiro, por videoconfer\u00eancia, em Luanda e Beijing.<\/p>\n<p>O evento ser\u00e1 co-presidido pelo Ministro da Agricultura e Pescas, Ant\u00f3nio de Assis, e pela Secret\u00e1ria de Estado para as Rela\u00e7\u00f5es Exteriores, Embaixadora Esmeralda Mendon\u00e7a.<\/p>\n<p>O F\u00f3rum \u00e9 uma iniciativa conjunta do Minist\u00e9rio das Rela\u00e7\u00f5es Exteriores, Minist\u00e9rio da Agricultura e Pescas e da Ag\u00eancia de Investimento Privado e Promo\u00e7\u00e3o das Exporta\u00e7\u00f5es de Angola (AIPEX).<\/p>\n<p>V\u00e3o participar ainda, do encontro, a C\u00e2mara de Com\u00e9rcio Angola-China, a Associa\u00e7\u00e3o Industrial de Angola (AIA), a Embaixada da Rep\u00fablica Popular da China em Angola, bem como empres\u00e1rios angolanos e chineses interessados em investir nessas \u00e1reas.<\/p>\n<p>Fonte: RNA<\/p>\n","protected":false},"excerpt":{"rendered":"<p>Um f\u00f3rum de neg\u00f3cios Angola\/China, no dom\u00ednio da agricultura e pescas, acontece esta quinta-feira, 28 de Janeiro, por videoconfer\u00eancia, em Luanda e Beijing. O evento ser\u00e1 co-presidido pelo Ministro da Agricultura e Pescas, Ant\u00f3nio de Assis, e pela Secret\u00e1ria de Estado para as Rela\u00e7\u00f5es Exteriores, Embaixadora Esmeralda Mendon\u00e7a. O F\u00f3rum ...<\/p>\n","protected":false},"author":8,"featured_media":16043,"comment_status":"closed","ping_status":"closed","sticky":false,"template":"","format":"standard","meta":[],"categories":[121,163],"tags":[],"_links":{"self":[{"href":"https:\/\/rna.ao\/rna.ao\/wp-json\/wp\/v2\/posts\/16041"}],"collection":[{"href":"https:\/\/rna.ao\/rna.ao\/wp-json\/wp\/v2\/posts"}],"about":[{"href":"https:\/\/rna.ao\/rna.ao\/wp-json\/wp\/v2\/types\/post"}],"author":[{"embeddable":true,"href":"https:\/\/rna.ao\/rna.ao\/wp-json\/wp\/v2\/users\/8"}],"replies":[{"embeddable":true,"href":"https:\/\/rna.ao\/rna.ao\/wp-json\/wp\/v2\/comments?post=16041"}],"version-history":[{"count":4,"href":"https:\/\/rna.ao\/rna.ao\/wp-json\/wp\/v2\/posts\/16041\/revisions"}],"predecessor-version":[{"id":16059,"href":"https:\/\/rna.ao\/rna.ao\/wp-json\/wp\/v2\/posts\/16041\/revisions\/16059"}],"wp:featuredmedia":[{"embeddable":true,"href":"https:\/\/rna.ao\/rna.ao\/wp-json\/wp\/v2\/media\/16043"}],"wp:attachment":[{"href":"https:\/\/rna.ao\/rna.ao\/wp-json\/wp\/v2\/media?parent=16041"}],"wp:term":[{"taxonomy":"category","embeddable":true,"href":"https:\/\/rna.ao\/rna.ao\/wp-json\/wp\/v2\/categories?post=16041"},{"taxonomy":"post_tag","embeddable":true,"href":"https:\/\/rna.ao\/rna.ao\/wp-json\/wp\/v2\/tags?post=16041"}],"curies":[{"name":"wp","href":"https:\/\/api.w.org\/{rel}","templated":true}]}}