{"id":159765,"date":"2024-10-30T13:34:40","date_gmt":"2024-10-30T12:34:40","guid":{"rendered":"https:\/\/rna.ao\/rna.ao\/?p=159765"},"modified":"2024-10-30T13:34:40","modified_gmt":"2024-10-30T12:34:40","slug":"inamet-preve-chuva-acima-do-normal-em-novembro-e-dezembro-para-as-provincias-do-norte-e-litoral-do-pais","status":"publish","type":"post","link":"https:\/\/rna.ao\/rna.ao\/2024\/10\/30\/inamet-preve-chuva-acima-do-normal-em-novembro-e-dezembro-para-as-provincias-do-norte-e-litoral-do-pais\/","title":{"rendered":"INAMET prev\u00ea chuva acima do normal em novembro e dezembro para as prov\u00edncias do norte e litoral do pa\u00eds\u00a0"},"content":{"rendered":"<p><img loading=\"lazy\" class=\"alignnone size-full wp-image-18435\" src=\"https:\/\/rna.ao\/rna.ao\/wp-content\/uploads\/2021\/02\/inamet.jpg\" alt=\"\" width=\"270\" height=\"180\" \/><\/p>\n<p style=\"font-weight: 400;\">O\u00a0 Instituto Nacional de\u00a0 Metrologia e Geof\u00edsica de Angola,\u00a0 prev\u00ea chuva acima do normal nos meses de novembro e Dezembro nas \u00a0prov\u00edncias ao \u00a0litoral \u00a0\u00a0e norte do pa\u00eds.\u00a0 Outros dados com a Jornalista Maira Tavares .\u00a0 Clique no \u00e1udio abaixo e ou\u00e7a:<\/p>\n\t<div class=\"qtmplayer-playlist-large\">\n\t\t<ul class=\"qtmplayer-playlist\">\n\t\t\t\n\t\t\t\t\t<li class=\"qtmplayer-trackitem\">\n\t\t<img src=\"https:\/\/rna.ao\/rna.ao\/wp-content\/uploads\/2021\/02\/inamet-100x100.jpg\" alt=\"cover\">\t\t<span \t\t\tdata-qtmplayer-cover=\"https:\/\/rna.ao\/rna.ao\/wp-content\/uploads\/2021\/02\/inamet.jpg\"\n\t\t\t\t\t\tdata-qtmplayer-file=\"https:\/\/rna.ao\/rna.ao\/wp-content\/uploads\/2024\/10\/MAIRA-TAVARES-13HRS-BOM.mp3\"\n\t\t\t\t\t\tdata-qtmplayer-title=\"INAMET prev\u00ea chuva acima do normal em novembro e dezembro para as prov\u00edncias do norte e litoral do pa\u00eds\u00a0\"\n\t\t\t\t\t\tdata-qtmplayer-artist=\"Carla\"\n\t\t\t\t\t\tdata-qtmplayer-link=\"https:\/\/rna.ao\/rna.ao\/2024\/10\/30\/inamet-preve-chuva-acima-do-normal-em-novembro-e-dezembro-para-as-provincias-do-norte-e-litoral-do-pais\/\"\n\t\t\t\t\t\tdata-qtmplayer-icon=\"file_download\"\n\t\t\t\t\t\tdata-qtmplayer-type=\"track\"\n\t\t\t class=\"qtmplayer-play qtmplayer-link-sec qtmplayer-play-btn\"><i class='material-icons'>play_arrow<\/i><\/span>\n\t\t<p>\n\t\t\t<span class=\"qtmplayer-tit\">INAMET prev\u00ea chuva acima do normal em novembro e dezembro para as prov\u00edncias do norte e litoral do pa\u00eds\u00a0<\/span>\n\t\t\t<span class=\"qtmplayer-art\">Carla<\/span>\n\t\t<\/p>\n\t<\/li>\n\t\t<\/ul>\n\t<\/div>\t\t\t\n\t\n","protected":false},"excerpt":{"rendered":"<p>O\u00a0 Instituto Nacional de\u00a0 Metrologia e Geof\u00edsica de Angola,\u00a0 prev\u00ea chuva acima do normal nos meses de novembro e Dezembro nas \u00a0prov\u00edncias ao \u00a0litoral \u00a0\u00a0e norte do pa\u00eds.\u00a0 Outros dados com a Jornalista Maira Tavares .\u00a0 Clique no \u00e1udio abaixo e ou\u00e7a:<\/p>\n","protected":false},"author":10,"featured_media":18435,"comment_status":"closed","ping_status":"closed","sticky":false,"template":"","format":"standard","meta":[],"categories":[142,121,163],"tags":[],"_links":{"self":[{"href":"https:\/\/rna.ao\/rna.ao\/wp-json\/wp\/v2\/posts\/159765"}],"collection":[{"href":"https:\/\/rna.ao\/rna.ao\/wp-json\/wp\/v2\/posts"}],"about":[{"href":"https:\/\/rna.ao\/rna.ao\/wp-json\/wp\/v2\/types\/post"}],"author":[{"embeddable":true,"href":"https:\/\/rna.ao\/rna.ao\/wp-json\/wp\/v2\/users\/10"}],"replies":[{"embeddable":true,"href":"https:\/\/rna.ao\/rna.ao\/wp-json\/wp\/v2\/comments?post=159765"}],"version-history":[{"count":1,"href":"https:\/\/rna.ao\/rna.ao\/wp-json\/wp\/v2\/posts\/159765\/revisions"}],"predecessor-version":[{"id":159767,"href":"https:\/\/rna.ao\/rna.ao\/wp-json\/wp\/v2\/posts\/159765\/revisions\/159767"}],"wp:featuredmedia":[{"embeddable":true,"href":"https:\/\/rna.ao\/rna.ao\/wp-json\/wp\/v2\/media\/18435"}],"wp:attachment":[{"href":"https:\/\/rna.ao\/rna.ao\/wp-json\/wp\/v2\/media?parent=159765"}],"wp:term":[{"taxonomy":"category","embeddable":true,"href":"https:\/\/rna.ao\/rna.ao\/wp-json\/wp\/v2\/categories?post=159765"},{"taxonomy":"post_tag","embeddable":true,"href":"https:\/\/rna.ao\/rna.ao\/wp-json\/wp\/v2\/tags?post=159765"}],"curies":[{"name":"wp","href":"https:\/\/api.w.org\/{rel}","templated":true}]}}