{"id":159763,"date":"2024-10-30T13:37:33","date_gmt":"2024-10-30T12:37:33","guid":{"rendered":"https:\/\/rna.ao\/rna.ao\/?p=159763"},"modified":"2024-10-30T13:37:33","modified_gmt":"2024-10-30T12:37:33","slug":"presidente-joao-lourenco-exonera-secretaria-de-estado-para-administracao-e-patrimonio-do-mirex","status":"publish","type":"post","link":"https:\/\/rna.ao\/rna.ao\/2024\/10\/30\/presidente-joao-lourenco-exonera-secretaria-de-estado-para-administracao-e-patrimonio-do-mirex\/","title":{"rendered":"Presidente Jo\u00e3o Louren\u00e7o exonera secret\u00e1ria de Estado para Administra\u00e7\u00e3o e Patrim\u00f3nio do MIREX"},"content":{"rendered":"<p>&nbsp;<\/p>\n<p><img loading=\"lazy\" class=\"alignnone size-full wp-image-104359\" src=\"https:\/\/rna.ao\/rna.ao\/wp-content\/uploads\/2023\/05\/MIREX-edificio-sede.jpg\" alt=\"\" width=\"598\" height=\"345\" \/><\/p>\n<p>O Presidente da Rep\u00fablica, Jo\u00e3o Manuel Gon\u00e7alves Louren\u00e7o, por conveni\u00eancia de servi\u00e7o, exonerou Maria Auxiliadora Fragoso Pascoal Ramiro, do cargo de Secret\u00e1ria de Estado para a Administra\u00e7\u00e3o, Finan\u00e7as e Patrim\u00f3nio do Minist\u00e9rio das Rela\u00e7\u00f5es Exteriores.<\/p>\n<p>Tamb\u00e9m por conveni\u00eancia de servi\u00e7o e em outro despacho assinado hoje, o Presidente da Rep\u00fablica exonerou Osvaldo dos Santos Varela, do cargo de Embaixador Extraordin\u00e1rio e Plenipotenci\u00e1rio da Rep\u00fablica de Angola acreditado na Rep\u00fablica de Israel.<\/p>\n<p>Entretanto foi Osvaldo dos Santos Varela nomeado para o cargo de Secret\u00e1rio de Estado para a Administra\u00e7\u00e3o, Finan\u00e7as e Patrim\u00f3nio do Minist\u00e9rio das Rela\u00e7\u00f5es Exteriores.<\/p>\n","protected":false},"excerpt":{"rendered":"<p>&nbsp; O Presidente da Rep\u00fablica, Jo\u00e3o Manuel Gon\u00e7alves Louren\u00e7o, por conveni\u00eancia de servi\u00e7o, exonerou Maria Auxiliadora Fragoso Pascoal Ramiro, do cargo de Secret\u00e1ria de Estado para a Administra\u00e7\u00e3o, Finan\u00e7as e Patrim\u00f3nio do Minist\u00e9rio das Rela\u00e7\u00f5es Exteriores. Tamb\u00e9m por conveni\u00eancia de servi\u00e7o e em outro despacho assinado hoje, o Presidente da ...<\/p>\n","protected":false},"author":10,"featured_media":101565,"comment_status":"closed","ping_status":"closed","sticky":false,"template":"","format":"standard","meta":[],"categories":[142,121,163],"tags":[],"_links":{"self":[{"href":"https:\/\/rna.ao\/rna.ao\/wp-json\/wp\/v2\/posts\/159763"}],"collection":[{"href":"https:\/\/rna.ao\/rna.ao\/wp-json\/wp\/v2\/posts"}],"about":[{"href":"https:\/\/rna.ao\/rna.ao\/wp-json\/wp\/v2\/types\/post"}],"author":[{"embeddable":true,"href":"https:\/\/rna.ao\/rna.ao\/wp-json\/wp\/v2\/users\/10"}],"replies":[{"embeddable":true,"href":"https:\/\/rna.ao\/rna.ao\/wp-json\/wp\/v2\/comments?post=159763"}],"version-history":[{"count":2,"href":"https:\/\/rna.ao\/rna.ao\/wp-json\/wp\/v2\/posts\/159763\/revisions"}],"predecessor-version":[{"id":159769,"href":"https:\/\/rna.ao\/rna.ao\/wp-json\/wp\/v2\/posts\/159763\/revisions\/159769"}],"wp:featuredmedia":[{"embeddable":true,"href":"https:\/\/rna.ao\/rna.ao\/wp-json\/wp\/v2\/media\/101565"}],"wp:attachment":[{"href":"https:\/\/rna.ao\/rna.ao\/wp-json\/wp\/v2\/media?parent=159763"}],"wp:term":[{"taxonomy":"category","embeddable":true,"href":"https:\/\/rna.ao\/rna.ao\/wp-json\/wp\/v2\/categories?post=159763"},{"taxonomy":"post_tag","embeddable":true,"href":"https:\/\/rna.ao\/rna.ao\/wp-json\/wp\/v2\/tags?post=159763"}],"curies":[{"name":"wp","href":"https:\/\/api.w.org\/{rel}","templated":true}]}}