{"id":159502,"date":"2024-10-26T08:42:29","date_gmt":"2024-10-26T07:42:29","guid":{"rendered":"https:\/\/rna.ao\/rna.ao\/?p=159502"},"modified":"2024-10-26T08:42:29","modified_gmt":"2024-10-26T07:42:29","slug":"patrulhamento-do-mar-angolano-com-aparelho-nao-tripulado-junta-marinhas-de-guerra-de-angola-e-de-portugal-num-exercicio-em-ambriz-no-bengo","status":"publish","type":"post","link":"https:\/\/rna.ao\/rna.ao\/2024\/10\/26\/patrulhamento-do-mar-angolano-com-aparelho-nao-tripulado-junta-marinhas-de-guerra-de-angola-e-de-portugal-num-exercicio-em-ambriz-no-bengo\/","title":{"rendered":"Patrulhamento do mar angolano com aparelho n\u00e3o tripulado junta Marinhas de Guerra de Angola e de Portugal num exerc\u00edcio em Ambriz, no Bengo"},"content":{"rendered":"<p style=\"font-weight: 400;\"><img loading=\"lazy\" class=\"size-full wp-image-159505 alignleft\" src=\"https:\/\/rna.ao\/rna.ao\/wp-content\/uploads\/2024\/10\/IMG_4453_LR-300x200-1.jpg\" alt=\"\" width=\"300\" height=\"200\" \/>O patrulhamento do mar angolano com aparelho n\u00e3o tripulado, juntou as Marinhas de Guerra de Angola e de Portugal num exerc\u00edcio no Munic\u00edpio do Ambriz, no Bengo. O exerc\u00edcio entre as duas Marinhas al\u00e9m do refor\u00e7o de coopera\u00e7\u00e3o entre os dois pa\u00edses, visa tamb\u00e9m garantir melhor patrulhamento da costa angolana.\u00a0Saiba mais dados, no \u00e1udio abaixo, com o rep\u00f3rter Eduardo Mota:<\/p>\n\t<div class=\"qtmplayer-playlist-large\">\n\t\t<ul class=\"qtmplayer-playlist\">\n\t\t\t\n\t\t\t\t\t<li class=\"qtmplayer-trackitem\">\n\t\t<img src=\"https:\/\/rna.ao\/rna.ao\/wp-content\/uploads\/2024\/10\/IMG_4453_LR-300x200-1-100x100.jpg\" alt=\"cover\">\t\t<span \t\t\tdata-qtmplayer-cover=\"https:\/\/rna.ao\/rna.ao\/wp-content\/uploads\/2024\/10\/IMG_4453_LR-300x200-1.jpg\"\n\t\t\t\t\t\tdata-qtmplayer-file=\"https:\/\/rna.ao\/rna.ao\/wp-content\/uploads\/2024\/10\/EDUARDO-MOTA-20H.mp3\"\n\t\t\t\t\t\tdata-qtmplayer-title=\"Patrulhamento do mar angolano com aparelho n\u00e3o tripulado junta Marinhas de Guerra de Angola e de Portugal num exerc\u00edcio em Ambriz, no Bengo\"\n\t\t\t\t\t\tdata-qtmplayer-artist=\"Jo\u00e3o Augusto\"\n\t\t\t\t\t\tdata-qtmplayer-link=\"https:\/\/rna.ao\/rna.ao\/2024\/10\/26\/patrulhamento-do-mar-angolano-com-aparelho-nao-tripulado-junta-marinhas-de-guerra-de-angola-e-de-portugal-num-exercicio-em-ambriz-no-bengo\/\"\n\t\t\t\t\t\tdata-qtmplayer-icon=\"file_download\"\n\t\t\t\t\t\tdata-qtmplayer-type=\"track\"\n\t\t\t class=\"qtmplayer-play qtmplayer-link-sec qtmplayer-play-btn\"><i class='material-icons'>play_arrow<\/i><\/span>\n\t\t<p>\n\t\t\t<span class=\"qtmplayer-tit\">Patrulhamento do mar angolano com aparelho n\u00e3o tripulado junta Marinhas de Guerra de Angola e de Portugal num exerc\u00edcio em Ambriz, no Bengo<\/span>\n\t\t\t<span class=\"qtmplayer-art\">Jo\u00e3o Augusto<\/span>\n\t\t<\/p>\n\t<\/li>\n\t\t<\/ul>\n\t<\/div>\t\t\t\n\t\n<p style=\"font-weight: 400;\">\n<p style=\"font-weight: 400;\">\n","protected":false},"excerpt":{"rendered":"<p>O patrulhamento do mar angolano com aparelho n\u00e3o tripulado, juntou as Marinhas de Guerra de Angola e de Portugal num exerc\u00edcio no Munic\u00edpio do Ambriz, no Bengo. O exerc\u00edcio entre as duas Marinhas al\u00e9m do refor\u00e7o de coopera\u00e7\u00e3o entre os dois pa\u00edses, visa tamb\u00e9m garantir melhor patrulhamento da costa angolana.\u00a0Saiba ...<\/p>\n","protected":false},"author":15,"featured_media":159505,"comment_status":"closed","ping_status":"closed","sticky":false,"template":"","format":"standard","meta":[],"categories":[142,121,163],"tags":[],"_links":{"self":[{"href":"https:\/\/rna.ao\/rna.ao\/wp-json\/wp\/v2\/posts\/159502"}],"collection":[{"href":"https:\/\/rna.ao\/rna.ao\/wp-json\/wp\/v2\/posts"}],"about":[{"href":"https:\/\/rna.ao\/rna.ao\/wp-json\/wp\/v2\/types\/post"}],"author":[{"embeddable":true,"href":"https:\/\/rna.ao\/rna.ao\/wp-json\/wp\/v2\/users\/15"}],"replies":[{"embeddable":true,"href":"https:\/\/rna.ao\/rna.ao\/wp-json\/wp\/v2\/comments?post=159502"}],"version-history":[{"count":1,"href":"https:\/\/rna.ao\/rna.ao\/wp-json\/wp\/v2\/posts\/159502\/revisions"}],"predecessor-version":[{"id":159506,"href":"https:\/\/rna.ao\/rna.ao\/wp-json\/wp\/v2\/posts\/159502\/revisions\/159506"}],"wp:featuredmedia":[{"embeddable":true,"href":"https:\/\/rna.ao\/rna.ao\/wp-json\/wp\/v2\/media\/159505"}],"wp:attachment":[{"href":"https:\/\/rna.ao\/rna.ao\/wp-json\/wp\/v2\/media?parent=159502"}],"wp:term":[{"taxonomy":"category","embeddable":true,"href":"https:\/\/rna.ao\/rna.ao\/wp-json\/wp\/v2\/categories?post=159502"},{"taxonomy":"post_tag","embeddable":true,"href":"https:\/\/rna.ao\/rna.ao\/wp-json\/wp\/v2\/tags?post=159502"}],"curies":[{"name":"wp","href":"https:\/\/api.w.org\/{rel}","templated":true}]}}