{"id":159492,"date":"2024-10-26T08:34:21","date_gmt":"2024-10-26T07:34:21","guid":{"rendered":"https:\/\/rna.ao\/rna.ao\/?p=159492"},"modified":"2024-10-26T08:34:21","modified_gmt":"2024-10-26T07:34:21","slug":"presidente-joao-lourenco-reafirma-empenho-do-executivo-em-garantir-o-bem-estar-de-todos-os-angolanos","status":"publish","type":"post","link":"https:\/\/rna.ao\/rna.ao\/2024\/10\/26\/presidente-joao-lourenco-reafirma-empenho-do-executivo-em-garantir-o-bem-estar-de-todos-os-angolanos\/","title":{"rendered":"Presidente Jo\u00e3o Louren\u00e7o reafirma empenho do Executivo em garantir o bem-estar de todos os angolanos"},"content":{"rendered":"<p style=\"font-weight: 400;\"><img loading=\"lazy\" class=\"size-full wp-image-159500 alignleft\" src=\"https:\/\/rna.ao\/rna.ao\/wp-content\/uploads\/2024\/10\/Joao-Lourenco-CONSELHO-DE-HORNA-DO-MPLA.jpg\" alt=\"\" width=\"267\" height=\"188\" \/>O Presidente Jo\u00e3o Louren\u00e7o, diz que o Executivo quer constituir a cesta b\u00e1sica com produtos made in Angola. Jo\u00e3o Louren\u00e7o garantiu que vai continuar a estimular a produ\u00e7\u00e3o nacional para garantir o bem-estar e assegurar maior oferta de bens e servi\u00e7os. Presidente Jo\u00e3o Louren\u00e7o fez estas afirma\u00e7\u00f5es, na abertura do Conselho de Honra do MPLA, onde afirmou que o partido vai continuar a discutir a situa\u00e7\u00e3o pol\u00edtica, econ\u00f4mica e social do pa\u00eds de forma clara. Clique no \u00e1udio e ou\u00e7a:<\/p>\n\t<div class=\"qtmplayer-playlist-large\">\n\t\t<ul class=\"qtmplayer-playlist\">\n\t\t\t\n\t\t\t\t\t<li class=\"qtmplayer-trackitem\">\n\t\t<img src=\"https:\/\/rna.ao\/rna.ao\/wp-content\/uploads\/2024\/10\/Joao-Lourenco-CONSELHO-DE-HORNA-DO-MPLA-100x100.jpg\" alt=\"cover\">\t\t<span \t\t\tdata-qtmplayer-cover=\"https:\/\/rna.ao\/rna.ao\/wp-content\/uploads\/2024\/10\/Joao-Lourenco-CONSELHO-DE-HORNA-DO-MPLA.jpg\"\n\t\t\t\t\t\tdata-qtmplayer-file=\"https:\/\/rna.ao\/rna.ao\/wp-content\/uploads\/2024\/10\/JOAO-LOURENCO-03-HRS-E-05-HRS.mp3\"\n\t\t\t\t\t\tdata-qtmplayer-title=\"Presidente Jo\u00e3o Louren\u00e7o reafirma empenho do Executivo em garantir o bem-estar de todos os angolanos\"\n\t\t\t\t\t\tdata-qtmplayer-artist=\"Jo\u00e3o Augusto\"\n\t\t\t\t\t\tdata-qtmplayer-link=\"https:\/\/rna.ao\/rna.ao\/2024\/10\/26\/presidente-joao-lourenco-reafirma-empenho-do-executivo-em-garantir-o-bem-estar-de-todos-os-angolanos\/\"\n\t\t\t\t\t\tdata-qtmplayer-icon=\"file_download\"\n\t\t\t\t\t\tdata-qtmplayer-type=\"track\"\n\t\t\t class=\"qtmplayer-play qtmplayer-link-sec qtmplayer-play-btn\"><i class='material-icons'>play_arrow<\/i><\/span>\n\t\t<p>\n\t\t\t<span class=\"qtmplayer-tit\">Presidente Jo\u00e3o Louren\u00e7o reafirma empenho do Executivo em garantir o bem-estar de todos os angolanos<\/span>\n\t\t\t<span class=\"qtmplayer-art\">Jo\u00e3o Augusto<\/span>\n\t\t<\/p>\n\t<\/li>\n\t\t<\/ul>\n\t<\/div>\t\t\t\n\t\n<p style=\"font-weight: 400;\">E o Conselho de Honra do MPLA, apela a participa\u00e7\u00e3o massiva e patri\u00f3tica nas celebra\u00e7\u00f5es do dia da Independ\u00eancia Nacional. De acordo com uma nota de imprensa apresentada pelo nacionalista Brito Sozinho, no final da reuni\u00e3o, os membros do Conselho de Honra Saudaram o esfor\u00e7o do executivo no est\u00edmulo a produ\u00e7\u00e3o nacional e defenderam maior apoio a agricultura familiar. \u00a0Clique no \u00e1udio e ou\u00e7a:<\/p>\n\t<div class=\"qtmplayer-playlist-large\">\n\t\t<ul class=\"qtmplayer-playlist\">\n\t\t\t\n\t\t\t\t\t<li class=\"qtmplayer-trackitem\">\n\t\t<img src=\"https:\/\/rna.ao\/rna.ao\/wp-content\/uploads\/2024\/10\/Joao-Lourenco-CONSELHO-DE-HORNA-DO-MPLA-100x100.jpg\" alt=\"cover\">\t\t<span \t\t\tdata-qtmplayer-cover=\"https:\/\/rna.ao\/rna.ao\/wp-content\/uploads\/2024\/10\/Joao-Lourenco-CONSELHO-DE-HORNA-DO-MPLA.jpg\"\n\t\t\t\t\t\tdata-qtmplayer-file=\"https:\/\/rna.ao\/rna.ao\/wp-content\/uploads\/2024\/10\/BRITO-SOZINHO-03-HRS-E-05-HRS.mp3\"\n\t\t\t\t\t\tdata-qtmplayer-title=\"Presidente Jo\u00e3o Louren\u00e7o reafirma empenho do Executivo em garantir o bem-estar de todos os angolanos\"\n\t\t\t\t\t\tdata-qtmplayer-artist=\"Jo\u00e3o Augusto\"\n\t\t\t\t\t\tdata-qtmplayer-link=\"https:\/\/rna.ao\/rna.ao\/2024\/10\/26\/presidente-joao-lourenco-reafirma-empenho-do-executivo-em-garantir-o-bem-estar-de-todos-os-angolanos\/\"\n\t\t\t\t\t\tdata-qtmplayer-icon=\"file_download\"\n\t\t\t\t\t\tdata-qtmplayer-type=\"track\"\n\t\t\t class=\"qtmplayer-play qtmplayer-link-sec qtmplayer-play-btn\"><i class='material-icons'>play_arrow<\/i><\/span>\n\t\t<p>\n\t\t\t<span class=\"qtmplayer-tit\">Presidente Jo\u00e3o Louren\u00e7o reafirma empenho do Executivo em garantir o bem-estar de todos os angolanos<\/span>\n\t\t\t<span class=\"qtmplayer-art\">Jo\u00e3o Augusto<\/span>\n\t\t<\/p>\n\t<\/li>\n\t\t<\/ul>\n\t<\/div>\t\t\t\n\t\n","protected":false},"excerpt":{"rendered":"<p>O Presidente Jo\u00e3o Louren\u00e7o, diz que o Executivo quer constituir a cesta b\u00e1sica com produtos made in Angola. Jo\u00e3o Louren\u00e7o garantiu que vai continuar a estimular a produ\u00e7\u00e3o nacional para garantir o bem-estar e assegurar maior oferta de bens e servi\u00e7os. Presidente Jo\u00e3o Louren\u00e7o fez estas afirma\u00e7\u00f5es, na abertura do ...<\/p>\n","protected":false},"author":15,"featured_media":159500,"comment_status":"closed","ping_status":"closed","sticky":false,"template":"","format":"standard","meta":[],"categories":[142,121,163],"tags":[],"_links":{"self":[{"href":"https:\/\/rna.ao\/rna.ao\/wp-json\/wp\/v2\/posts\/159492"}],"collection":[{"href":"https:\/\/rna.ao\/rna.ao\/wp-json\/wp\/v2\/posts"}],"about":[{"href":"https:\/\/rna.ao\/rna.ao\/wp-json\/wp\/v2\/types\/post"}],"author":[{"embeddable":true,"href":"https:\/\/rna.ao\/rna.ao\/wp-json\/wp\/v2\/users\/15"}],"replies":[{"embeddable":true,"href":"https:\/\/rna.ao\/rna.ao\/wp-json\/wp\/v2\/comments?post=159492"}],"version-history":[{"count":1,"href":"https:\/\/rna.ao\/rna.ao\/wp-json\/wp\/v2\/posts\/159492\/revisions"}],"predecessor-version":[{"id":159501,"href":"https:\/\/rna.ao\/rna.ao\/wp-json\/wp\/v2\/posts\/159492\/revisions\/159501"}],"wp:featuredmedia":[{"embeddable":true,"href":"https:\/\/rna.ao\/rna.ao\/wp-json\/wp\/v2\/media\/159500"}],"wp:attachment":[{"href":"https:\/\/rna.ao\/rna.ao\/wp-json\/wp\/v2\/media?parent=159492"}],"wp:term":[{"taxonomy":"category","embeddable":true,"href":"https:\/\/rna.ao\/rna.ao\/wp-json\/wp\/v2\/categories?post=159492"},{"taxonomy":"post_tag","embeddable":true,"href":"https:\/\/rna.ao\/rna.ao\/wp-json\/wp\/v2\/tags?post=159492"}],"curies":[{"name":"wp","href":"https:\/\/api.w.org\/{rel}","templated":true}]}}