{"id":159418,"date":"2024-10-25T12:40:44","date_gmt":"2024-10-25T11:40:44","guid":{"rendered":"https:\/\/rna.ao\/rna.ao\/?p=159418"},"modified":"2024-10-25T12:40:44","modified_gmt":"2024-10-25T11:40:44","slug":"forcas-de-defesa-e-seguranca-contam-agora-com-mais-144-efectivos-especialistas-em-seguranca-publica","status":"publish","type":"post","link":"https:\/\/rna.ao\/rna.ao\/2024\/10\/25\/forcas-de-defesa-e-seguranca-contam-agora-com-mais-144-efectivos-especialistas-em-seguranca-publica\/","title":{"rendered":"For\u00e7as de defesa e seguran\u00e7a contam agora com mais 144 efectivos especialistas em seguran\u00e7a p\u00fablica"},"content":{"rendered":"<p><img loading=\"lazy\" class=\"size-full wp-image-155811 alignleft\" src=\"https:\/\/rna.ao\/rna.ao\/wp-content\/uploads\/2024\/09\/policia-nacional.jpg\" alt=\"\" width=\"256\" height=\"171\" \/>As For\u00e7as de Defesa e Seguran\u00e7a contam com mais 144 efectivos especialistas em seguran\u00e7a p\u00fablica. Os rec\u00e9m-formados no instituto Superior de Ci\u00eancias Policiais e Criminais, General Osvaldo Serra Van-D\u00fanem, garantem dar o seu melhor no combate e esclarecimento de crimes. Clique, no \u00e1udio abaixo, e saiba mais com o jornalista Fowen Macanja:<\/p>\n\t<div class=\"qtmplayer-playlist-large\">\n\t\t<ul class=\"qtmplayer-playlist\">\n\t\t\t\n\t\t\t\t\t<li class=\"qtmplayer-trackitem\">\n\t\t<img src=\"https:\/\/rna.ao\/rna.ao\/wp-content\/uploads\/2024\/09\/policia-nacional-100x100.jpg\" alt=\"cover\">\t\t<span \t\t\tdata-qtmplayer-cover=\"https:\/\/rna.ao\/rna.ao\/wp-content\/uploads\/2024\/09\/policia-nacional.jpg\"\n\t\t\t\t\t\tdata-qtmplayer-file=\"https:\/\/rna.ao\/rna.ao\/wp-content\/uploads\/2024\/10\/FOWEN-MACANJA-EMISSAO.mp3\"\n\t\t\t\t\t\tdata-qtmplayer-title=\"For\u00e7as de defesa e seguran\u00e7a contam agora com mais 144 efectivos especialistas em seguran\u00e7a p\u00fablica\"\n\t\t\t\t\t\tdata-qtmplayer-artist=\"Jo\u00e3o Augusto\"\n\t\t\t\t\t\tdata-qtmplayer-link=\"https:\/\/rna.ao\/rna.ao\/2024\/10\/25\/forcas-de-defesa-e-seguranca-contam-agora-com-mais-144-efectivos-especialistas-em-seguranca-publica\/\"\n\t\t\t\t\t\tdata-qtmplayer-icon=\"file_download\"\n\t\t\t\t\t\tdata-qtmplayer-type=\"track\"\n\t\t\t class=\"qtmplayer-play qtmplayer-link-sec qtmplayer-play-btn\"><i class='material-icons'>play_arrow<\/i><\/span>\n\t\t<p>\n\t\t\t<span class=\"qtmplayer-tit\">For\u00e7as de defesa e seguran\u00e7a contam agora com mais 144 efectivos especialistas em seguran\u00e7a p\u00fablica<\/span>\n\t\t\t<span class=\"qtmplayer-art\">Jo\u00e3o Augusto<\/span>\n\t\t<\/p>\n\t<\/li>\n\t\t<\/ul>\n\t<\/div>\t\t\t\n\t\n","protected":false},"excerpt":{"rendered":"<p>As For\u00e7as de Defesa e Seguran\u00e7a contam com mais 144 efectivos especialistas em seguran\u00e7a p\u00fablica. Os rec\u00e9m-formados no instituto Superior de Ci\u00eancias Policiais e Criminais, General Osvaldo Serra Van-D\u00fanem, garantem dar o seu melhor no combate e esclarecimento de crimes. Clique, no \u00e1udio abaixo, e saiba mais com o jornalista ...<\/p>\n","protected":false},"author":15,"featured_media":155811,"comment_status":"closed","ping_status":"closed","sticky":false,"template":"","format":"standard","meta":[],"categories":[141,133],"tags":[],"_links":{"self":[{"href":"https:\/\/rna.ao\/rna.ao\/wp-json\/wp\/v2\/posts\/159418"}],"collection":[{"href":"https:\/\/rna.ao\/rna.ao\/wp-json\/wp\/v2\/posts"}],"about":[{"href":"https:\/\/rna.ao\/rna.ao\/wp-json\/wp\/v2\/types\/post"}],"author":[{"embeddable":true,"href":"https:\/\/rna.ao\/rna.ao\/wp-json\/wp\/v2\/users\/15"}],"replies":[{"embeddable":true,"href":"https:\/\/rna.ao\/rna.ao\/wp-json\/wp\/v2\/comments?post=159418"}],"version-history":[{"count":1,"href":"https:\/\/rna.ao\/rna.ao\/wp-json\/wp\/v2\/posts\/159418\/revisions"}],"predecessor-version":[{"id":159420,"href":"https:\/\/rna.ao\/rna.ao\/wp-json\/wp\/v2\/posts\/159418\/revisions\/159420"}],"wp:featuredmedia":[{"embeddable":true,"href":"https:\/\/rna.ao\/rna.ao\/wp-json\/wp\/v2\/media\/155811"}],"wp:attachment":[{"href":"https:\/\/rna.ao\/rna.ao\/wp-json\/wp\/v2\/media?parent=159418"}],"wp:term":[{"taxonomy":"category","embeddable":true,"href":"https:\/\/rna.ao\/rna.ao\/wp-json\/wp\/v2\/categories?post=159418"},{"taxonomy":"post_tag","embeddable":true,"href":"https:\/\/rna.ao\/rna.ao\/wp-json\/wp\/v2\/tags?post=159418"}],"curies":[{"name":"wp","href":"https:\/\/api.w.org\/{rel}","templated":true}]}}