{"id":158989,"date":"2024-10-22T12:16:02","date_gmt":"2024-10-22T11:16:02","guid":{"rendered":"https:\/\/rna.ao\/rna.ao\/?p=158989"},"modified":"2024-10-22T12:16:02","modified_gmt":"2024-10-22T11:16:02","slug":"bie-podera-ser-a-primeira-provincia-do-pais-a-concluir-o-censo-da-populacao-e-habitacao-nos-proximos-dias","status":"publish","type":"post","link":"https:\/\/rna.ao\/rna.ao\/2024\/10\/22\/bie-podera-ser-a-primeira-provincia-do-pais-a-concluir-o-censo-da-populacao-e-habitacao-nos-proximos-dias\/","title":{"rendered":"Bi\u00e9 poder\u00e1 ser a primeira prov\u00edncia do pa\u00eds a concluir o Censo da popula\u00e7\u00e3o e habita\u00e7\u00e3o nos pr\u00f3ximos dias\u00a0"},"content":{"rendered":"<p><img loading=\"lazy\" class=\"alignnone size-full wp-image-149984\" src=\"https:\/\/rna.ao\/rna.ao\/wp-content\/uploads\/2024\/07\/censo-em-angola-2024.jpg\" alt=\"\" width=\"372\" height=\"213\" srcset=\"https:\/\/rna.ao\/rna.ao\/wp-content\/uploads\/2024\/07\/censo-em-angola-2024.jpg 372w, https:\/\/rna.ao\/rna.ao\/wp-content\/uploads\/2024\/07\/censo-em-angola-2024-370x213.jpg 370w\" sizes=\"(max-width: 372px) 100vw, 372px\" \/><\/p>\n<p style=\"font-weight: 400;\">O Bi\u00e9 poder\u00e1 ser a primeira prov\u00edncia do pa\u00eds a concluir o censo 2024.<\/p>\n<p style=\"font-weight: 400;\">O anuncio foi feito pelo director geral adjunto do INE, durante uma visita de campo realizada em algumas localidades da prov\u00edncia de Luanda.<\/p>\n<p style=\"font-weight: 400;\">A visita serviu para acompanhar de perto o andamento do processo censit\u00e1rio na capital do pa\u00eds. Jornalista Louren\u00e7o Chivinda. Clique no \u00e1udio abaixo e ou\u00e7a;<\/p>\n\t<div class=\"qtmplayer-playlist-large\">\n\t\t<ul class=\"qtmplayer-playlist\">\n\t\t\t\n\t\t\t\t\t<li class=\"qtmplayer-trackitem\">\n\t\t<img src=\"https:\/\/rna.ao\/rna.ao\/wp-content\/uploads\/2024\/05\/ine-censo-100x100.jpg\" alt=\"cover\">\t\t<span \t\t\tdata-qtmplayer-cover=\"https:\/\/rna.ao\/rna.ao\/wp-content\/uploads\/2024\/05\/ine-censo.jpg\"\n\t\t\t\t\t\tdata-qtmplayer-file=\"https:\/\/rna.ao\/rna.ao\/wp-content\/uploads\/2024\/10\/BIE-CENSO-08HRS.mp3\"\n\t\t\t\t\t\tdata-qtmplayer-title=\"Bi\u00e9 poder\u00e1 ser a primeira prov\u00edncia do pa\u00eds a concluir o Censo da popula\u00e7\u00e3o e habita\u00e7\u00e3o nos pr\u00f3ximos dias\u00a0\"\n\t\t\t\t\t\tdata-qtmplayer-artist=\"Carla\"\n\t\t\t\t\t\tdata-qtmplayer-link=\"https:\/\/rna.ao\/rna.ao\/2024\/10\/22\/bie-podera-ser-a-primeira-provincia-do-pais-a-concluir-o-censo-da-populacao-e-habitacao-nos-proximos-dias\/\"\n\t\t\t\t\t\tdata-qtmplayer-icon=\"file_download\"\n\t\t\t\t\t\tdata-qtmplayer-type=\"track\"\n\t\t\t class=\"qtmplayer-play qtmplayer-link-sec qtmplayer-play-btn\"><i class='material-icons'>play_arrow<\/i><\/span>\n\t\t<p>\n\t\t\t<span class=\"qtmplayer-tit\">Bi\u00e9 poder\u00e1 ser a primeira prov\u00edncia do pa\u00eds a concluir o Censo da popula\u00e7\u00e3o e habita\u00e7\u00e3o nos pr\u00f3ximos dias\u00a0<\/span>\n\t\t\t<span class=\"qtmplayer-art\">Carla<\/span>\n\t\t<\/p>\n\t<\/li>\n\t\t<\/ul>\n\t<\/div>\t\t\t\n\t\n<p style=\"font-weight: 400;\">\n","protected":false},"excerpt":{"rendered":"<p>O Bi\u00e9 poder\u00e1 ser a primeira prov\u00edncia do pa\u00eds a concluir o censo 2024. O anuncio foi feito pelo director geral adjunto do INE, durante uma visita de campo realizada em algumas localidades da prov\u00edncia de Luanda. A visita serviu para acompanhar de perto o andamento do processo censit\u00e1rio na ...<\/p>\n","protected":false},"author":10,"featured_media":142082,"comment_status":"closed","ping_status":"closed","sticky":false,"template":"","format":"standard","meta":[],"categories":[142,121,163,1],"tags":[],"_links":{"self":[{"href":"https:\/\/rna.ao\/rna.ao\/wp-json\/wp\/v2\/posts\/158989"}],"collection":[{"href":"https:\/\/rna.ao\/rna.ao\/wp-json\/wp\/v2\/posts"}],"about":[{"href":"https:\/\/rna.ao\/rna.ao\/wp-json\/wp\/v2\/types\/post"}],"author":[{"embeddable":true,"href":"https:\/\/rna.ao\/rna.ao\/wp-json\/wp\/v2\/users\/10"}],"replies":[{"embeddable":true,"href":"https:\/\/rna.ao\/rna.ao\/wp-json\/wp\/v2\/comments?post=158989"}],"version-history":[{"count":1,"href":"https:\/\/rna.ao\/rna.ao\/wp-json\/wp\/v2\/posts\/158989\/revisions"}],"predecessor-version":[{"id":158993,"href":"https:\/\/rna.ao\/rna.ao\/wp-json\/wp\/v2\/posts\/158989\/revisions\/158993"}],"wp:featuredmedia":[{"embeddable":true,"href":"https:\/\/rna.ao\/rna.ao\/wp-json\/wp\/v2\/media\/142082"}],"wp:attachment":[{"href":"https:\/\/rna.ao\/rna.ao\/wp-json\/wp\/v2\/media?parent=158989"}],"wp:term":[{"taxonomy":"category","embeddable":true,"href":"https:\/\/rna.ao\/rna.ao\/wp-json\/wp\/v2\/categories?post=158989"},{"taxonomy":"post_tag","embeddable":true,"href":"https:\/\/rna.ao\/rna.ao\/wp-json\/wp\/v2\/tags?post=158989"}],"curies":[{"name":"wp","href":"https:\/\/api.w.org\/{rel}","templated":true}]}}