{"id":158984,"date":"2024-10-22T09:38:22","date_gmt":"2024-10-22T08:38:22","guid":{"rendered":"https:\/\/rna.ao\/rna.ao\/?p=158984"},"modified":"2024-10-22T09:38:22","modified_gmt":"2024-10-22T08:38:22","slug":"presidente-joao-lourenco-avalia-grau-de-execucao-das-obras-de-construcao-das-infraestruturas-de-desenvolvimento-integrado-do-sumbe","status":"publish","type":"post","link":"https:\/\/rna.ao\/rna.ao\/2024\/10\/22\/presidente-joao-lourenco-avalia-grau-de-execucao-das-obras-de-construcao-das-infraestruturas-de-desenvolvimento-integrado-do-sumbe\/","title":{"rendered":"Presidente Jo\u00e3o Louren\u00e7o avalia grau de execu\u00e7\u00e3o das obras de constru\u00e7\u00e3o das infraestruturas de desenvolvimento integrado do Sumbe\u00a0"},"content":{"rendered":"<p><img loading=\"lazy\" class=\"alignnone size-medium wp-image-158987\" src=\"https:\/\/rna.ao\/rna.ao\/wp-content\/uploads\/2024\/10\/IMG_7664-770x513.jpeg\" alt=\"\" width=\"770\" height=\"513\" srcset=\"https:\/\/rna.ao\/rna.ao\/wp-content\/uploads\/2024\/10\/IMG_7664-770x513.jpeg 770w, https:\/\/rna.ao\/rna.ao\/wp-content\/uploads\/2024\/10\/IMG_7664-1170x780.jpeg 1170w, https:\/\/rna.ao\/rna.ao\/wp-content\/uploads\/2024\/10\/IMG_7664-768x512.jpeg 768w, https:\/\/rna.ao\/rna.ao\/wp-content\/uploads\/2024\/10\/IMG_7664.jpeg 1280w\" sizes=\"(max-width: 770px) 100vw, 770px\" \/><br \/>\nO Presidente da Rep\u00fablica re\u00fane-esta manh\u00e3 com as autoridades locais do Cuanza-sul.<\/p>\n<p>Jo\u00e3o Louren\u00e7o aproveita a oportunidade para radiografar a realidade social e pol\u00edtico econ\u00f3mica daquela prov\u00edncia.<\/p>\n<p>O segundo e \u00faltimo dia de trabalho do presidente fica igualmente marcado pela visita \u00e0s obras de constru\u00e7\u00e3o das infraestruturas de desenvolvimento integrado do Sumbe.<\/p>\n<p>os mun\u00edcipes do Sumbe est\u00e3o satisfeitos com o avan\u00e7o das obras na cidade.<\/p>\n<p>A reabilita\u00e7\u00e3o das infraestruturas de desenvolvimento integrado est\u00e1 a deixar o Sumbe de cara nova. Jornalista\u00a0 Afonso Paulino. Clique no \u00e1udio abaixo e ou\u00e7a:<\/p>\n\t<div class=\"qtmplayer-playlist-large\">\n\t\t<ul class=\"qtmplayer-playlist\">\n\t\t\t\n\t\t\t\t\t<li class=\"qtmplayer-trackitem\">\n\t\t<img src=\"https:\/\/rna.ao\/rna.ao\/wp-content\/uploads\/2024\/10\/IMG_7664-100x100.jpeg\" alt=\"cover\">\t\t<span \t\t\tdata-qtmplayer-cover=\"https:\/\/rna.ao\/rna.ao\/wp-content\/uploads\/2024\/10\/IMG_7664-370x370.jpeg\"\n\t\t\t\t\t\tdata-qtmplayer-file=\"https:\/\/rna.ao\/rna.ao\/wp-content\/uploads\/2024\/10\/CUANZA-SUL-REQUALIFICACAO-DA-CIDADE-07HRS.mp3\"\n\t\t\t\t\t\tdata-qtmplayer-title=\"Presidente Jo\u00e3o Louren\u00e7o avalia grau de execu\u00e7\u00e3o das obras de constru\u00e7\u00e3o das infraestruturas de desenvolvimento integrado do Sumbe\u00a0\"\n\t\t\t\t\t\tdata-qtmplayer-artist=\"Carla\"\n\t\t\t\t\t\tdata-qtmplayer-link=\"https:\/\/rna.ao\/rna.ao\/2024\/10\/22\/presidente-joao-lourenco-avalia-grau-de-execucao-das-obras-de-construcao-das-infraestruturas-de-desenvolvimento-integrado-do-sumbe\/\"\n\t\t\t\t\t\tdata-qtmplayer-icon=\"file_download\"\n\t\t\t\t\t\tdata-qtmplayer-type=\"track\"\n\t\t\t class=\"qtmplayer-play qtmplayer-link-sec qtmplayer-play-btn\"><i class='material-icons'>play_arrow<\/i><\/span>\n\t\t<p>\n\t\t\t<span class=\"qtmplayer-tit\">Presidente Jo\u00e3o Louren\u00e7o avalia grau de execu\u00e7\u00e3o das obras de constru\u00e7\u00e3o das infraestruturas de desenvolvimento integrado do Sumbe\u00a0<\/span>\n\t\t\t<span class=\"qtmplayer-art\">Carla<\/span>\n\t\t<\/p>\n\t<\/li>\n\t\t<\/ul>\n\t<\/div>\t\t\t\n\t\n<p>&nbsp;<\/p>\n","protected":false},"excerpt":{"rendered":"<p>O Presidente da Rep\u00fablica re\u00fane-esta manh\u00e3 com as autoridades locais do Cuanza-sul. Jo\u00e3o Louren\u00e7o aproveita a oportunidade para radiografar a realidade social e pol\u00edtico econ\u00f3mica daquela prov\u00edncia. O segundo e \u00faltimo dia de trabalho do presidente fica igualmente marcado pela visita \u00e0s obras de constru\u00e7\u00e3o das infraestruturas de desenvolvimento integrado ...<\/p>\n","protected":false},"author":10,"featured_media":158987,"comment_status":"closed","ping_status":"closed","sticky":false,"template":"","format":"standard","meta":[],"categories":[142,121,163,1],"tags":[],"_links":{"self":[{"href":"https:\/\/rna.ao\/rna.ao\/wp-json\/wp\/v2\/posts\/158984"}],"collection":[{"href":"https:\/\/rna.ao\/rna.ao\/wp-json\/wp\/v2\/posts"}],"about":[{"href":"https:\/\/rna.ao\/rna.ao\/wp-json\/wp\/v2\/types\/post"}],"author":[{"embeddable":true,"href":"https:\/\/rna.ao\/rna.ao\/wp-json\/wp\/v2\/users\/10"}],"replies":[{"embeddable":true,"href":"https:\/\/rna.ao\/rna.ao\/wp-json\/wp\/v2\/comments?post=158984"}],"version-history":[{"count":2,"href":"https:\/\/rna.ao\/rna.ao\/wp-json\/wp\/v2\/posts\/158984\/revisions"}],"predecessor-version":[{"id":158988,"href":"https:\/\/rna.ao\/rna.ao\/wp-json\/wp\/v2\/posts\/158984\/revisions\/158988"}],"wp:featuredmedia":[{"embeddable":true,"href":"https:\/\/rna.ao\/rna.ao\/wp-json\/wp\/v2\/media\/158987"}],"wp:attachment":[{"href":"https:\/\/rna.ao\/rna.ao\/wp-json\/wp\/v2\/media?parent=158984"}],"wp:term":[{"taxonomy":"category","embeddable":true,"href":"https:\/\/rna.ao\/rna.ao\/wp-json\/wp\/v2\/categories?post=158984"},{"taxonomy":"post_tag","embeddable":true,"href":"https:\/\/rna.ao\/rna.ao\/wp-json\/wp\/v2\/tags?post=158984"}],"curies":[{"name":"wp","href":"https:\/\/api.w.org\/{rel}","templated":true}]}}