{"id":158531,"date":"2024-10-17T13:19:41","date_gmt":"2024-10-17T12:19:41","guid":{"rendered":"https:\/\/rna.ao\/rna.ao\/?p=158531"},"modified":"2024-10-17T13:19:41","modified_gmt":"2024-10-17T12:19:41","slug":"deputados-recomendam-ao-executivo-a-conter-tendencia-de-subida-das-taxas-de-inflacao-e-de-cambio-no-pais","status":"publish","type":"post","link":"https:\/\/rna.ao\/rna.ao\/2024\/10\/17\/deputados-recomendam-ao-executivo-a-conter-tendencia-de-subida-das-taxas-de-inflacao-e-de-cambio-no-pais\/","title":{"rendered":"Deputados recomendam ao Executivo a conter tend\u00eancia de subida das taxas de infla\u00e7\u00e3o e de c\u00e2mbio no pa\u00eds"},"content":{"rendered":"<p><img loading=\"lazy\" class=\"wp-image-139529 alignleft\" src=\"https:\/\/rna.ao\/rna.ao\/wp-content\/uploads\/2024\/05\/assembleia-770x513.jpg\" alt=\"\" width=\"350\" height=\"233\" srcset=\"https:\/\/rna.ao\/rna.ao\/wp-content\/uploads\/2024\/05\/assembleia-770x513.jpg 770w, https:\/\/rna.ao\/rna.ao\/wp-content\/uploads\/2024\/05\/assembleia-1170x780.jpg 1170w, https:\/\/rna.ao\/rna.ao\/wp-content\/uploads\/2024\/05\/assembleia-768x512.jpg 768w, https:\/\/rna.ao\/rna.ao\/wp-content\/uploads\/2024\/05\/assembleia.jpg 1280w\" sizes=\"(max-width: 350px) 100vw, 350px\" \/>Deputados a Assembleia Nacional recomendam ao Executivo a conter a tend\u00eancia de subida das taxas de infla\u00e7\u00e3o e de c\u00e2mbio no pa\u00eds. Os parlamentares que apreciaram hoje, quinta-feira, 17 de Outubro os relat\u00f3rios de balan\u00e7o de Execu\u00e7\u00e3o do OGE referente ao primeiro e segundo trimestres deste ano, defendem o ajustamento da oferta da moeda nacional de acordo com o regime cambial flutuante. Clique, no \u00e1udio abaixo, e saiba mais com o jornalista Ant\u00f3nio Chocolate:<\/p>\n\t<div class=\"qtmplayer-playlist-large\">\n\t\t<ul class=\"qtmplayer-playlist\">\n\t\t\t\n\t\t\t\t\t<li class=\"qtmplayer-trackitem\">\n\t\t<img src=\"https:\/\/rna.ao\/rna.ao\/wp-content\/uploads\/2024\/05\/assembleia-100x100.jpg\" alt=\"cover\">\t\t<span \t\t\tdata-qtmplayer-cover=\"https:\/\/rna.ao\/rna.ao\/wp-content\/uploads\/2024\/05\/assembleia-370x370.jpg\"\n\t\t\t\t\t\tdata-qtmplayer-file=\"https:\/\/rna.ao\/rna.ao\/wp-content\/uploads\/2024\/10\/ANTONIO-CHOCOLATE-13HRS-1.mp3\"\n\t\t\t\t\t\tdata-qtmplayer-title=\"Deputados recomendam ao Executivo a conter tend\u00eancia de subida das taxas de infla\u00e7\u00e3o e de c\u00e2mbio no pa\u00eds\"\n\t\t\t\t\t\tdata-qtmplayer-artist=\"Jo\u00e3o Augusto\"\n\t\t\t\t\t\tdata-qtmplayer-link=\"https:\/\/rna.ao\/rna.ao\/2024\/10\/17\/deputados-recomendam-ao-executivo-a-conter-tendencia-de-subida-das-taxas-de-inflacao-e-de-cambio-no-pais\/\"\n\t\t\t\t\t\tdata-qtmplayer-icon=\"file_download\"\n\t\t\t\t\t\tdata-qtmplayer-type=\"track\"\n\t\t\t class=\"qtmplayer-play qtmplayer-link-sec qtmplayer-play-btn\"><i class='material-icons'>play_arrow<\/i><\/span>\n\t\t<p>\n\t\t\t<span class=\"qtmplayer-tit\">Deputados recomendam ao Executivo a conter tend\u00eancia de subida das taxas de infla\u00e7\u00e3o e de c\u00e2mbio no pa\u00eds<\/span>\n\t\t\t<span class=\"qtmplayer-art\">Jo\u00e3o Augusto<\/span>\n\t\t<\/p>\n\t<\/li>\n\t\t<\/ul>\n\t<\/div>\t\t\t\n\t\n","protected":false},"excerpt":{"rendered":"<p>Deputados a Assembleia Nacional recomendam ao Executivo a conter a tend\u00eancia de subida das taxas de infla\u00e7\u00e3o e de c\u00e2mbio no pa\u00eds. Os parlamentares que apreciaram hoje, quinta-feira, 17 de Outubro os relat\u00f3rios de balan\u00e7o de Execu\u00e7\u00e3o do OGE referente ao primeiro e segundo trimestres deste ano, defendem o ajustamento ...<\/p>\n","protected":false},"author":15,"featured_media":139529,"comment_status":"closed","ping_status":"closed","sticky":false,"template":"","format":"standard","meta":[],"categories":[142,121,163],"tags":[],"_links":{"self":[{"href":"https:\/\/rna.ao\/rna.ao\/wp-json\/wp\/v2\/posts\/158531"}],"collection":[{"href":"https:\/\/rna.ao\/rna.ao\/wp-json\/wp\/v2\/posts"}],"about":[{"href":"https:\/\/rna.ao\/rna.ao\/wp-json\/wp\/v2\/types\/post"}],"author":[{"embeddable":true,"href":"https:\/\/rna.ao\/rna.ao\/wp-json\/wp\/v2\/users\/15"}],"replies":[{"embeddable":true,"href":"https:\/\/rna.ao\/rna.ao\/wp-json\/wp\/v2\/comments?post=158531"}],"version-history":[{"count":1,"href":"https:\/\/rna.ao\/rna.ao\/wp-json\/wp\/v2\/posts\/158531\/revisions"}],"predecessor-version":[{"id":158533,"href":"https:\/\/rna.ao\/rna.ao\/wp-json\/wp\/v2\/posts\/158531\/revisions\/158533"}],"wp:featuredmedia":[{"embeddable":true,"href":"https:\/\/rna.ao\/rna.ao\/wp-json\/wp\/v2\/media\/139529"}],"wp:attachment":[{"href":"https:\/\/rna.ao\/rna.ao\/wp-json\/wp\/v2\/media?parent=158531"}],"wp:term":[{"taxonomy":"category","embeddable":true,"href":"https:\/\/rna.ao\/rna.ao\/wp-json\/wp\/v2\/categories?post=158531"},{"taxonomy":"post_tag","embeddable":true,"href":"https:\/\/rna.ao\/rna.ao\/wp-json\/wp\/v2\/tags?post=158531"}],"curies":[{"name":"wp","href":"https:\/\/api.w.org\/{rel}","templated":true}]}}