{"id":158218,"date":"2024-10-15T13:46:52","date_gmt":"2024-10-15T12:46:52","guid":{"rendered":"https:\/\/rna.ao\/rna.ao\/?p=158218"},"modified":"2024-10-15T13:46:52","modified_gmt":"2024-10-15T12:46:52","slug":"chefe-de-estado-anuncia-a-extensao-do-programa-kwenda-ate-2029-com-reforco-financeiro-de-400-milhoes-de-dolares","status":"publish","type":"post","link":"https:\/\/rna.ao\/rna.ao\/2024\/10\/15\/chefe-de-estado-anuncia-a-extensao-do-programa-kwenda-ate-2029-com-reforco-financeiro-de-400-milhoes-de-dolares\/","title":{"rendered":"Chefe de Estado anuncia a extens\u00e3o do programa Kwenda at\u00e9 2029 com refor\u00e7o financeiro de 400 milh\u00f5es de d\u00f3lares\u00a0"},"content":{"rendered":"<p><img loading=\"lazy\" class=\"alignnone size-full wp-image-137932\" src=\"https:\/\/rna.ao\/rna.ao\/wp-content\/uploads\/2024\/04\/Kwenda-no-Chinguar-Bie.jpg\" alt=\"\" width=\"372\" height=\"213\" srcset=\"https:\/\/rna.ao\/rna.ao\/wp-content\/uploads\/2024\/04\/Kwenda-no-Chinguar-Bie.jpg 372w, https:\/\/rna.ao\/rna.ao\/wp-content\/uploads\/2024\/04\/Kwenda-no-Chinguar-Bie-370x213.jpg 370w\" sizes=\"(max-width: 372px) 100vw, 372px\" \/><\/p>\n<p>O programa Kwenda, que tem como caracter\u00edstica principal a transfer\u00eancia directa de renda para fam\u00edlias em situa\u00e7\u00e3o de vulnerabilidade, ser\u00e1 alargado para mais cinco anos, revelou , esta ter\u00e7a-feira, o Presidente da Rep\u00fablica, Jo\u00e3o Louren\u00e7o.<\/p>\n<p>De acordo com o Chefe de Estado o Kwenda tem sido at\u00e9 ao momento executado com muito rigor e transpar\u00eancia\u00a0 o que motiva o executivo em continuar a investir no programa. Clique no \u00e1udio abaixo\u00a0 ou\u00e7a:<\/p>\n\t<div class=\"qtmplayer-playlist-large\">\n\t\t<ul class=\"qtmplayer-playlist\">\n\t\t\t\n\t\t\t\t\t<li class=\"qtmplayer-trackitem\">\n\t\t<img src=\"https:\/\/rna.ao\/rna.ao\/wp-content\/uploads\/2023\/06\/Kwenda-1-100x100.jpg\" alt=\"cover\">\t\t<span \t\t\tdata-qtmplayer-cover=\"https:\/\/rna.ao\/rna.ao\/wp-content\/uploads\/2023\/06\/Kwenda-1.jpg\"\n\t\t\t\t\t\tdata-qtmplayer-file=\"https:\/\/rna.ao\/rna.ao\/wp-content\/uploads\/2024\/10\/JOAO-LOURENCO-KWENDA-13-HRS.mp3\"\n\t\t\t\t\t\tdata-qtmplayer-title=\"Chefe de Estado anuncia a extens\u00e3o do programa Kwenda at\u00e9 2029 com refor\u00e7o financeiro de 400 milh\u00f5es de d\u00f3lares\u00a0\"\n\t\t\t\t\t\tdata-qtmplayer-artist=\"Carla\"\n\t\t\t\t\t\tdata-qtmplayer-link=\"https:\/\/rna.ao\/rna.ao\/2024\/10\/15\/chefe-de-estado-anuncia-a-extensao-do-programa-kwenda-ate-2029-com-reforco-financeiro-de-400-milhoes-de-dolares\/\"\n\t\t\t\t\t\tdata-qtmplayer-icon=\"file_download\"\n\t\t\t\t\t\tdata-qtmplayer-type=\"track\"\n\t\t\t class=\"qtmplayer-play qtmplayer-link-sec qtmplayer-play-btn\"><i class='material-icons'>play_arrow<\/i><\/span>\n\t\t<p>\n\t\t\t<span class=\"qtmplayer-tit\">Chefe de Estado anuncia a extens\u00e3o do programa Kwenda at\u00e9 2029 com refor\u00e7o financeiro de 400 milh\u00f5es de d\u00f3lares\u00a0<\/span>\n\t\t\t<span class=\"qtmplayer-art\">Carla<\/span>\n\t\t<\/p>\n\t<\/li>\n\t\t<\/ul>\n\t<\/div>\t\t\t\n\t\n<p>&nbsp;<\/p>\n","protected":false},"excerpt":{"rendered":"<p>O programa Kwenda, que tem como caracter\u00edstica principal a transfer\u00eancia directa de renda para fam\u00edlias em situa\u00e7\u00e3o de vulnerabilidade, ser\u00e1 alargado para mais cinco anos, revelou , esta ter\u00e7a-feira, o Presidente da Rep\u00fablica, Jo\u00e3o Louren\u00e7o. De acordo com o Chefe de Estado o Kwenda tem sido at\u00e9 ao momento executado ...<\/p>\n","protected":false},"author":10,"featured_media":105016,"comment_status":"closed","ping_status":"closed","sticky":false,"template":"","format":"standard","meta":[],"categories":[142,121,163],"tags":[],"_links":{"self":[{"href":"https:\/\/rna.ao\/rna.ao\/wp-json\/wp\/v2\/posts\/158218"}],"collection":[{"href":"https:\/\/rna.ao\/rna.ao\/wp-json\/wp\/v2\/posts"}],"about":[{"href":"https:\/\/rna.ao\/rna.ao\/wp-json\/wp\/v2\/types\/post"}],"author":[{"embeddable":true,"href":"https:\/\/rna.ao\/rna.ao\/wp-json\/wp\/v2\/users\/10"}],"replies":[{"embeddable":true,"href":"https:\/\/rna.ao\/rna.ao\/wp-json\/wp\/v2\/comments?post=158218"}],"version-history":[{"count":1,"href":"https:\/\/rna.ao\/rna.ao\/wp-json\/wp\/v2\/posts\/158218\/revisions"}],"predecessor-version":[{"id":158220,"href":"https:\/\/rna.ao\/rna.ao\/wp-json\/wp\/v2\/posts\/158218\/revisions\/158220"}],"wp:featuredmedia":[{"embeddable":true,"href":"https:\/\/rna.ao\/rna.ao\/wp-json\/wp\/v2\/media\/105016"}],"wp:attachment":[{"href":"https:\/\/rna.ao\/rna.ao\/wp-json\/wp\/v2\/media?parent=158218"}],"wp:term":[{"taxonomy":"category","embeddable":true,"href":"https:\/\/rna.ao\/rna.ao\/wp-json\/wp\/v2\/categories?post=158218"},{"taxonomy":"post_tag","embeddable":true,"href":"https:\/\/rna.ao\/rna.ao\/wp-json\/wp\/v2\/tags?post=158218"}],"curies":[{"name":"wp","href":"https:\/\/api.w.org\/{rel}","templated":true}]}}