{"id":158212,"date":"2024-10-15T13:36:32","date_gmt":"2024-10-15T12:36:32","guid":{"rendered":"https:\/\/rna.ao\/rna.ao\/?p=158212"},"modified":"2024-10-15T13:36:32","modified_gmt":"2024-10-15T12:36:32","slug":"presidente-da-republica-acredita-que-a-economia-angolana-pode-voltar-a-crescer-este-ano-muito-acima-do-esperado-joao-lourenco-sublinhou-que-a-divida-publica-angolana-e-sustentavel","status":"publish","type":"post","link":"https:\/\/rna.ao\/rna.ao\/2024\/10\/15\/presidente-da-republica-acredita-que-a-economia-angolana-pode-voltar-a-crescer-este-ano-muito-acima-do-esperado-joao-lourenco-sublinhou-que-a-divida-publica-angolana-e-sustentavel\/","title":{"rendered":"Presidente da Rep\u00fablica acredita que a economia angolana pode voltar a crescer este ano muito acima do esperado. Jo\u00e3o Louren\u00e7o sublinhou que a divida p\u00fablica angolana \u00e9 sustent\u00e1vel"},"content":{"rendered":"<p><img loading=\"lazy\" class=\"alignnone  wp-image-158213\" src=\"https:\/\/rna.ao\/rna.ao\/wp-content\/uploads\/2024\/10\/jlo-15-10-770x513.jpeg\" alt=\"\" width=\"468\" height=\"312\" srcset=\"https:\/\/rna.ao\/rna.ao\/wp-content\/uploads\/2024\/10\/jlo-15-10-770x513.jpeg 770w, https:\/\/rna.ao\/rna.ao\/wp-content\/uploads\/2024\/10\/jlo-15-10-1170x780.jpeg 1170w, https:\/\/rna.ao\/rna.ao\/wp-content\/uploads\/2024\/10\/jlo-15-10-768x512.jpeg 768w, https:\/\/rna.ao\/rna.ao\/wp-content\/uploads\/2024\/10\/jlo-15-10.jpeg 1280w\" sizes=\"(max-width: 468px) 100vw, 468px\" \/><\/p>\n<p>A economia angolana pode voltar a crescer este ano em n\u00edveis elevados e registados no per\u00edodo de 2010.<\/p>\n<p>S\u00f3 no primeiro semestre deste ano, a economia angolana cresceu 4,3 por cento e se continuar com a mesma tend\u00eancia pode ultrapassar os indicadores previstos no OGE deste.<\/p>\n<p>De acordo com o Presidente da Rep\u00fablica, Jo\u00e3o Louren\u00e7o, que falava hoje na Assembleia Nacional por ocasi\u00e3o do discurso sobre estado da na\u00e7\u00e3o, apesar das incertezas da economia global, Angola pode continuar a trilhar o caminho da recupera\u00e7\u00e3o econ\u00f3mica. Clique no \u00e1udio abaixo e ou\u00e7a:<\/p>\n\t<div class=\"qtmplayer-playlist-large\">\n\t\t<ul class=\"qtmplayer-playlist\">\n\t\t\t\n\t\t\t\t\t<li class=\"qtmplayer-trackitem\">\n\t\t<img src=\"https:\/\/rna.ao\/rna.ao\/wp-content\/uploads\/2024\/10\/jlo-15-10-100x100.jpeg\" alt=\"cover\">\t\t<span \t\t\tdata-qtmplayer-cover=\"https:\/\/rna.ao\/rna.ao\/wp-content\/uploads\/2024\/10\/jlo-15-10-370x370.jpeg\"\n\t\t\t\t\t\tdata-qtmplayer-file=\"https:\/\/rna.ao\/rna.ao\/wp-content\/uploads\/2024\/10\/JOAO-LOURENCO-ECONOMIA-13-HRS.mp3\"\n\t\t\t\t\t\tdata-qtmplayer-title=\"Presidente da Rep\u00fablica acredita que a economia angolana pode voltar a crescer este ano muito acima do esperado. Jo\u00e3o Louren\u00e7o sublinhou que a divida p\u00fablica angolana \u00e9 sustent\u00e1vel\"\n\t\t\t\t\t\tdata-qtmplayer-artist=\"Carla\"\n\t\t\t\t\t\tdata-qtmplayer-link=\"https:\/\/rna.ao\/rna.ao\/2024\/10\/15\/presidente-da-republica-acredita-que-a-economia-angolana-pode-voltar-a-crescer-este-ano-muito-acima-do-esperado-joao-lourenco-sublinhou-que-a-divida-publica-angolana-e-sustentavel\/\"\n\t\t\t\t\t\tdata-qtmplayer-icon=\"file_download\"\n\t\t\t\t\t\tdata-qtmplayer-type=\"track\"\n\t\t\t class=\"qtmplayer-play qtmplayer-link-sec qtmplayer-play-btn\"><i class='material-icons'>play_arrow<\/i><\/span>\n\t\t<p>\n\t\t\t<span class=\"qtmplayer-tit\">Presidente da Rep\u00fablica acredita que a economia angolana pode voltar a crescer este ano muito acima do esperado. Jo\u00e3o Louren\u00e7o sublinhou que a divida p\u00fablica angolana \u00e9 sustent\u00e1vel<\/span>\n\t\t\t<span class=\"qtmplayer-art\">Carla<\/span>\n\t\t<\/p>\n\t<\/li>\n\t\t<\/ul>\n\t<\/div>\t\t\t\n\t\n<p>&nbsp;<\/p>\n<p>O Presidente Jo\u00e3o Louren\u00e7o, disse igualmente que h\u00e1 necessidade de se continuar a assegurar a estabilidade da d\u00edvida p\u00fablica angolana que em julho deste ano voltou a cair para 67,2 por cento do PIB, ou seja, em 55,3 bili\u00f5es de d\u00f3lares o que mostra um endividamento respons\u00e1vel. Clique no \u00e1udio abaixo e ou\u00e7a:<\/p>\n\t<div class=\"qtmplayer-playlist-large\">\n\t\t<ul class=\"qtmplayer-playlist\">\n\t\t\t\n\t\t\t\t\t<li class=\"qtmplayer-trackitem\">\n\t\t<img src=\"https:\/\/rna.ao\/rna.ao\/wp-content\/uploads\/2024\/10\/jlo-15-10-100x100.jpeg\" alt=\"cover\">\t\t<span \t\t\tdata-qtmplayer-cover=\"https:\/\/rna.ao\/rna.ao\/wp-content\/uploads\/2024\/10\/jlo-15-10-370x370.jpeg\"\n\t\t\t\t\t\tdata-qtmplayer-file=\"https:\/\/rna.ao\/rna.ao\/wp-content\/uploads\/2024\/10\/JOAO-LOURENCO-DIVIDA-13HRS.mp3\"\n\t\t\t\t\t\tdata-qtmplayer-title=\"Presidente da Rep\u00fablica acredita que a economia angolana pode voltar a crescer este ano muito acima do esperado. Jo\u00e3o Louren\u00e7o sublinhou que a divida p\u00fablica angolana \u00e9 sustent\u00e1vel\"\n\t\t\t\t\t\tdata-qtmplayer-artist=\"Carla\"\n\t\t\t\t\t\tdata-qtmplayer-link=\"https:\/\/rna.ao\/rna.ao\/2024\/10\/15\/presidente-da-republica-acredita-que-a-economia-angolana-pode-voltar-a-crescer-este-ano-muito-acima-do-esperado-joao-lourenco-sublinhou-que-a-divida-publica-angolana-e-sustentavel\/\"\n\t\t\t\t\t\tdata-qtmplayer-icon=\"file_download\"\n\t\t\t\t\t\tdata-qtmplayer-type=\"track\"\n\t\t\t class=\"qtmplayer-play qtmplayer-link-sec qtmplayer-play-btn\"><i class='material-icons'>play_arrow<\/i><\/span>\n\t\t<p>\n\t\t\t<span class=\"qtmplayer-tit\">Presidente da Rep\u00fablica acredita que a economia angolana pode voltar a crescer este ano muito acima do esperado. Jo\u00e3o Louren\u00e7o sublinhou que a divida p\u00fablica angolana \u00e9 sustent\u00e1vel<\/span>\n\t\t\t<span class=\"qtmplayer-art\">Carla<\/span>\n\t\t<\/p>\n\t<\/li>\n\t\t<\/ul>\n\t<\/div>\t\t\t\n\t\n<p>&nbsp;<\/p>\n<p>Jo\u00e3o Louren\u00e7o, falou igualmente que os jovens est\u00e3o entre as prioridades da governa\u00e7\u00e3o do actual executivo por via da constitui\u00e7\u00e3o do fundo nacional de emprego.<\/p>\n<p>O Presidente da Rep\u00fablica, destaca os mais de 11 mil jovens que j\u00e1 beneficiaram de est\u00edmulos para mitigar a problem\u00e1tica do desemprego. Clique no \u00e1udio abaixo e ou\u00e7a:<\/p>\n\t<div class=\"qtmplayer-playlist-large\">\n\t\t<ul class=\"qtmplayer-playlist\">\n\t\t\t\n\t\t\t\t\t<li class=\"qtmplayer-trackitem\">\n\t\t<img src=\"https:\/\/rna.ao\/rna.ao\/wp-content\/uploads\/2024\/10\/jlo-15-10-100x100.jpeg\" alt=\"cover\">\t\t<span \t\t\tdata-qtmplayer-cover=\"https:\/\/rna.ao\/rna.ao\/wp-content\/uploads\/2024\/10\/jlo-15-10-370x370.jpeg\"\n\t\t\t\t\t\tdata-qtmplayer-file=\"https:\/\/rna.ao\/rna.ao\/wp-content\/uploads\/2024\/10\/JOAO-LOURENCO-EMPREGO-13HRS.mp3\"\n\t\t\t\t\t\tdata-qtmplayer-title=\"Presidente da Rep\u00fablica acredita que a economia angolana pode voltar a crescer este ano muito acima do esperado. Jo\u00e3o Louren\u00e7o sublinhou que a divida p\u00fablica angolana \u00e9 sustent\u00e1vel\"\n\t\t\t\t\t\tdata-qtmplayer-artist=\"Carla\"\n\t\t\t\t\t\tdata-qtmplayer-link=\"https:\/\/rna.ao\/rna.ao\/2024\/10\/15\/presidente-da-republica-acredita-que-a-economia-angolana-pode-voltar-a-crescer-este-ano-muito-acima-do-esperado-joao-lourenco-sublinhou-que-a-divida-publica-angolana-e-sustentavel\/\"\n\t\t\t\t\t\tdata-qtmplayer-icon=\"file_download\"\n\t\t\t\t\t\tdata-qtmplayer-type=\"track\"\n\t\t\t class=\"qtmplayer-play qtmplayer-link-sec qtmplayer-play-btn\"><i class='material-icons'>play_arrow<\/i><\/span>\n\t\t<p>\n\t\t\t<span class=\"qtmplayer-tit\">Presidente da Rep\u00fablica acredita que a economia angolana pode voltar a crescer este ano muito acima do esperado. Jo\u00e3o Louren\u00e7o sublinhou que a divida p\u00fablica angolana \u00e9 sustent\u00e1vel<\/span>\n\t\t\t<span class=\"qtmplayer-art\">Carla<\/span>\n\t\t<\/p>\n\t<\/li>\n\t\t<\/ul>\n\t<\/div>\t\t\t\n\t\n<p>&nbsp;<\/p>\n<p><b>\u00a0 \u00a0<\/b><\/p>\n","protected":false},"excerpt":{"rendered":"<p>A economia angolana pode voltar a crescer este ano em n\u00edveis elevados e registados no per\u00edodo de 2010. S\u00f3 no primeiro semestre deste ano, a economia angolana cresceu 4,3 por cento e se continuar com a mesma tend\u00eancia pode ultrapassar os indicadores previstos no OGE deste. De acordo com o ...<\/p>\n","protected":false},"author":10,"featured_media":158213,"comment_status":"closed","ping_status":"closed","sticky":false,"template":"","format":"standard","meta":[],"categories":[142,121,163],"tags":[],"_links":{"self":[{"href":"https:\/\/rna.ao\/rna.ao\/wp-json\/wp\/v2\/posts\/158212"}],"collection":[{"href":"https:\/\/rna.ao\/rna.ao\/wp-json\/wp\/v2\/posts"}],"about":[{"href":"https:\/\/rna.ao\/rna.ao\/wp-json\/wp\/v2\/types\/post"}],"author":[{"embeddable":true,"href":"https:\/\/rna.ao\/rna.ao\/wp-json\/wp\/v2\/users\/10"}],"replies":[{"embeddable":true,"href":"https:\/\/rna.ao\/rna.ao\/wp-json\/wp\/v2\/comments?post=158212"}],"version-history":[{"count":1,"href":"https:\/\/rna.ao\/rna.ao\/wp-json\/wp\/v2\/posts\/158212\/revisions"}],"predecessor-version":[{"id":158217,"href":"https:\/\/rna.ao\/rna.ao\/wp-json\/wp\/v2\/posts\/158212\/revisions\/158217"}],"wp:featuredmedia":[{"embeddable":true,"href":"https:\/\/rna.ao\/rna.ao\/wp-json\/wp\/v2\/media\/158213"}],"wp:attachment":[{"href":"https:\/\/rna.ao\/rna.ao\/wp-json\/wp\/v2\/media?parent=158212"}],"wp:term":[{"taxonomy":"category","embeddable":true,"href":"https:\/\/rna.ao\/rna.ao\/wp-json\/wp\/v2\/categories?post=158212"},{"taxonomy":"post_tag","embeddable":true,"href":"https:\/\/rna.ao\/rna.ao\/wp-json\/wp\/v2\/tags?post=158212"}],"curies":[{"name":"wp","href":"https:\/\/api.w.org\/{rel}","templated":true}]}}