{"id":157852,"date":"2024-10-10T13:27:33","date_gmt":"2024-10-10T12:27:33","guid":{"rendered":"https:\/\/rna.ao\/rna.ao\/?p=157852"},"modified":"2024-10-10T13:27:33","modified_gmt":"2024-10-10T12:27:33","slug":"angola-registou-tres-mil-suicidios-nos-ultimos-4-anos-por-transtornos-mentais","status":"publish","type":"post","link":"https:\/\/rna.ao\/rna.ao\/2024\/10\/10\/angola-registou-tres-mil-suicidios-nos-ultimos-4-anos-por-transtornos-mentais\/","title":{"rendered":"Angola registou tr\u00eas mil suic\u00eddios nos \u00faltimos 4 anos por transtornos mentais"},"content":{"rendered":"<p><img loading=\"lazy\" class=\"wp-image-76464 alignleft\" src=\"https:\/\/rna.ao\/rna.ao\/wp-content\/uploads\/2022\/09\/suicidio1_19424399945f91c51e82b75.jpg\" alt=\"\" width=\"369\" height=\"211\" \/>O Programa nacional de sa\u00fade mental diz que o numero de transtornos mentais tendem a aumentar no pa\u00eds com consequ\u00eancias alarmantes. Nos \u00faltimos tr\u00eas anos os registos apontam para mais de 300 mil casos de transtornos mentais e 3 mil suic\u00eddios. Os dados foram apresentados na cerimonia de apresenta\u00e7\u00e3o dos vencedores ao premio de artes sobre sa\u00fade mental, para assinalar o 10 de Outubro, dia mundial da sa\u00fade mental. Saiba mais dados, no \u00e1udio abaixo, com a rep\u00f3rter Patr\u00edcia Van-D\u00fanem:<\/p>\n\t<div class=\"qtmplayer-playlist-large\">\n\t\t<ul class=\"qtmplayer-playlist\">\n\t\t\t\n\t\t\t\t\t<li class=\"qtmplayer-trackitem\">\n\t\t<img src=\"https:\/\/rna.ao\/rna.ao\/wp-content\/uploads\/2022\/09\/jovem-comete-suicidio-apos-uma-discussao-com-o-primo_1607939985-b-100x100.jpg\" alt=\"cover\">\t\t<span \t\t\tdata-qtmplayer-cover=\"https:\/\/rna.ao\/rna.ao\/wp-content\/uploads\/2022\/09\/jovem-comete-suicidio-apos-uma-discussao-com-o-primo_1607939985-b-370x370.jpg\"\n\t\t\t\t\t\tdata-qtmplayer-file=\"https:\/\/rna.ao\/rna.ao\/wp-content\/uploads\/2024\/10\/PATRICIA-VANDUNEN-CAMPOS-13-HRS.mp3\"\n\t\t\t\t\t\tdata-qtmplayer-title=\"Angola registou tr\u00eas mil suic\u00eddios nos \u00faltimos 4 anos por transtornos mentais\"\n\t\t\t\t\t\tdata-qtmplayer-artist=\"Jo\u00e3o Augusto\"\n\t\t\t\t\t\tdata-qtmplayer-link=\"https:\/\/rna.ao\/rna.ao\/2024\/10\/10\/angola-registou-tres-mil-suicidios-nos-ultimos-4-anos-por-transtornos-mentais\/\"\n\t\t\t\t\t\tdata-qtmplayer-icon=\"file_download\"\n\t\t\t\t\t\tdata-qtmplayer-type=\"track\"\n\t\t\t class=\"qtmplayer-play qtmplayer-link-sec qtmplayer-play-btn\"><i class='material-icons'>play_arrow<\/i><\/span>\n\t\t<p>\n\t\t\t<span class=\"qtmplayer-tit\">Angola registou tr\u00eas mil suic\u00eddios nos \u00faltimos 4 anos por transtornos mentais<\/span>\n\t\t\t<span class=\"qtmplayer-art\">Jo\u00e3o Augusto<\/span>\n\t\t<\/p>\n\t<\/li>\n\t\t<\/ul>\n\t<\/div>\t\t\t\n\t\n","protected":false},"excerpt":{"rendered":"<p>O Programa nacional de sa\u00fade mental diz que o numero de transtornos mentais tendem a aumentar no pa\u00eds com consequ\u00eancias alarmantes. Nos \u00faltimos tr\u00eas anos os registos apontam para mais de 300 mil casos de transtornos mentais e 3 mil suic\u00eddios. Os dados foram apresentados na cerimonia de apresenta\u00e7\u00e3o dos ...<\/p>\n","protected":false},"author":15,"featured_media":76465,"comment_status":"closed","ping_status":"closed","sticky":false,"template":"","format":"standard","meta":[],"categories":[142,121,163],"tags":[],"_links":{"self":[{"href":"https:\/\/rna.ao\/rna.ao\/wp-json\/wp\/v2\/posts\/157852"}],"collection":[{"href":"https:\/\/rna.ao\/rna.ao\/wp-json\/wp\/v2\/posts"}],"about":[{"href":"https:\/\/rna.ao\/rna.ao\/wp-json\/wp\/v2\/types\/post"}],"author":[{"embeddable":true,"href":"https:\/\/rna.ao\/rna.ao\/wp-json\/wp\/v2\/users\/15"}],"replies":[{"embeddable":true,"href":"https:\/\/rna.ao\/rna.ao\/wp-json\/wp\/v2\/comments?post=157852"}],"version-history":[{"count":1,"href":"https:\/\/rna.ao\/rna.ao\/wp-json\/wp\/v2\/posts\/157852\/revisions"}],"predecessor-version":[{"id":157855,"href":"https:\/\/rna.ao\/rna.ao\/wp-json\/wp\/v2\/posts\/157852\/revisions\/157855"}],"wp:featuredmedia":[{"embeddable":true,"href":"https:\/\/rna.ao\/rna.ao\/wp-json\/wp\/v2\/media\/76465"}],"wp:attachment":[{"href":"https:\/\/rna.ao\/rna.ao\/wp-json\/wp\/v2\/media?parent=157852"}],"wp:term":[{"taxonomy":"category","embeddable":true,"href":"https:\/\/rna.ao\/rna.ao\/wp-json\/wp\/v2\/categories?post=157852"},{"taxonomy":"post_tag","embeddable":true,"href":"https:\/\/rna.ao\/rna.ao\/wp-json\/wp\/v2\/tags?post=157852"}],"curies":[{"name":"wp","href":"https:\/\/api.w.org\/{rel}","templated":true}]}}