{"id":157796,"date":"2024-10-10T10:01:02","date_gmt":"2024-10-10T09:01:02","guid":{"rendered":"https:\/\/rna.ao\/rna.ao\/?p=157796"},"modified":"2024-10-10T10:01:02","modified_gmt":"2024-10-10T09:01:02","slug":"mpla-agenda-para-os-dias-6-e-7-de-dezembro-para-a-realizacao-do-congresso-extraordinario-do-partido","status":"publish","type":"post","link":"https:\/\/rna.ao\/rna.ao\/2024\/10\/10\/mpla-agenda-para-os-dias-6-e-7-de-dezembro-para-a-realizacao-do-congresso-extraordinario-do-partido\/","title":{"rendered":"MPLA agenda para os dias 6 e 7 de Dezembro para a realiza\u00e7\u00e3o do Congresso extraordin\u00e1rio do partido"},"content":{"rendered":"<p><img loading=\"lazy\" class=\"size-full wp-image-157798 alignleft\" src=\"https:\/\/rna.ao\/rna.ao\/wp-content\/uploads\/2024\/10\/mpla.jpg\" alt=\"\" width=\"240\" height=\"240\" srcset=\"https:\/\/rna.ao\/rna.ao\/wp-content\/uploads\/2024\/10\/mpla.jpg 240w, https:\/\/rna.ao\/rna.ao\/wp-content\/uploads\/2024\/10\/mpla-150x150.jpg 150w, https:\/\/rna.ao\/rna.ao\/wp-content\/uploads\/2024\/10\/mpla-100x100.jpg 100w\" sizes=\"(max-width: 240px) 100vw, 240px\" \/>A reuni\u00e3o extraordin\u00e1ria do Comit\u00e9 Central do MPLA de quarta-feira (09), aprovou os dias 6 e 7 de Dezembro deste ano como datas para a realiza\u00e7\u00e3o do Congresso do partido. Saiba mais dados, no \u00e1udio abaixo, com o rep\u00f3rter Ant\u00f3nio Pinto:<\/p>\n\t<div class=\"qtmplayer-playlist-large\">\n\t\t<ul class=\"qtmplayer-playlist\">\n\t\t\t\n\t\t\t\t\t<li class=\"qtmplayer-trackitem\">\n\t\t<img src=\"https:\/\/rna.ao\/rna.ao\/wp-content\/uploads\/2024\/10\/mplaa-100x100.jpg\" alt=\"cover\">\t\t<span \t\t\tdata-qtmplayer-cover=\"https:\/\/rna.ao\/rna.ao\/wp-content\/uploads\/2024\/10\/mplaa.jpg\"\n\t\t\t\t\t\tdata-qtmplayer-file=\"https:\/\/rna.ao\/rna.ao\/wp-content\/uploads\/2024\/10\/ANTONIO-PINTO-07HRS.mp3\"\n\t\t\t\t\t\tdata-qtmplayer-title=\"MPLA agenda para os dias 6 e 7 de Dezembro para a realiza\u00e7\u00e3o do Congresso extraordin\u00e1rio do partido\"\n\t\t\t\t\t\tdata-qtmplayer-artist=\"Jo\u00e3o Augusto\"\n\t\t\t\t\t\tdata-qtmplayer-link=\"https:\/\/rna.ao\/rna.ao\/2024\/10\/10\/mpla-agenda-para-os-dias-6-e-7-de-dezembro-para-a-realizacao-do-congresso-extraordinario-do-partido\/\"\n\t\t\t\t\t\tdata-qtmplayer-icon=\"file_download\"\n\t\t\t\t\t\tdata-qtmplayer-type=\"track\"\n\t\t\t class=\"qtmplayer-play qtmplayer-link-sec qtmplayer-play-btn\"><i class='material-icons'>play_arrow<\/i><\/span>\n\t\t<p>\n\t\t\t<span class=\"qtmplayer-tit\">MPLA agenda para os dias 6 e 7 de Dezembro para a realiza\u00e7\u00e3o do Congresso extraordin\u00e1rio do partido<\/span>\n\t\t\t<span class=\"qtmplayer-art\">Jo\u00e3o Augusto<\/span>\n\t\t<\/p>\n\t<\/li>\n\t\t<\/ul>\n\t<\/div>\t\t\t\n\t\n","protected":false},"excerpt":{"rendered":"<p>A reuni\u00e3o extraordin\u00e1ria do Comit\u00e9 Central do MPLA de quarta-feira (09), aprovou os dias 6 e 7 de Dezembro deste ano como datas para a realiza\u00e7\u00e3o do Congresso do partido. Saiba mais dados, no \u00e1udio abaixo, com o rep\u00f3rter Ant\u00f3nio Pinto:<\/p>\n","protected":false},"author":15,"featured_media":157799,"comment_status":"closed","ping_status":"closed","sticky":false,"template":"","format":"standard","meta":[],"categories":[142,121,163],"tags":[],"_links":{"self":[{"href":"https:\/\/rna.ao\/rna.ao\/wp-json\/wp\/v2\/posts\/157796"}],"collection":[{"href":"https:\/\/rna.ao\/rna.ao\/wp-json\/wp\/v2\/posts"}],"about":[{"href":"https:\/\/rna.ao\/rna.ao\/wp-json\/wp\/v2\/types\/post"}],"author":[{"embeddable":true,"href":"https:\/\/rna.ao\/rna.ao\/wp-json\/wp\/v2\/users\/15"}],"replies":[{"embeddable":true,"href":"https:\/\/rna.ao\/rna.ao\/wp-json\/wp\/v2\/comments?post=157796"}],"version-history":[{"count":1,"href":"https:\/\/rna.ao\/rna.ao\/wp-json\/wp\/v2\/posts\/157796\/revisions"}],"predecessor-version":[{"id":157800,"href":"https:\/\/rna.ao\/rna.ao\/wp-json\/wp\/v2\/posts\/157796\/revisions\/157800"}],"wp:featuredmedia":[{"embeddable":true,"href":"https:\/\/rna.ao\/rna.ao\/wp-json\/wp\/v2\/media\/157799"}],"wp:attachment":[{"href":"https:\/\/rna.ao\/rna.ao\/wp-json\/wp\/v2\/media?parent=157796"}],"wp:term":[{"taxonomy":"category","embeddable":true,"href":"https:\/\/rna.ao\/rna.ao\/wp-json\/wp\/v2\/categories?post=157796"},{"taxonomy":"post_tag","embeddable":true,"href":"https:\/\/rna.ao\/rna.ao\/wp-json\/wp\/v2\/tags?post=157796"}],"curies":[{"name":"wp","href":"https:\/\/api.w.org\/{rel}","templated":true}]}}