{"id":157477,"date":"2024-10-05T14:20:37","date_gmt":"2024-10-05T13:20:37","guid":{"rendered":"https:\/\/rna.ao\/rna.ao\/?p=157477"},"modified":"2024-10-05T14:20:37","modified_gmt":"2024-10-05T13:20:37","slug":"presidente-joao-lourenco-rende-homenagem-a-jornalista-ismael-mateus","status":"publish","type":"post","link":"https:\/\/rna.ao\/rna.ao\/2024\/10\/05\/presidente-joao-lourenco-rende-homenagem-a-jornalista-ismael-mateus\/","title":{"rendered":"Presidente Jo\u00e3o Louren\u00e7o rende homenagem a Jornalista Ismael Mateus"},"content":{"rendered":"<p><img loading=\"lazy\" class=\"alignnone size-medium wp-image-157478\" src=\"https:\/\/rna.ao\/rna.ao\/wp-content\/uploads\/2024\/10\/IMG_7258-770x431.jpeg\" alt=\"\" width=\"770\" height=\"431\" srcset=\"https:\/\/rna.ao\/rna.ao\/wp-content\/uploads\/2024\/10\/IMG_7258-770x431.jpeg 770w, https:\/\/rna.ao\/rna.ao\/wp-content\/uploads\/2024\/10\/IMG_7258-768x430.jpeg 768w, https:\/\/rna.ao\/rna.ao\/wp-content\/uploads\/2024\/10\/IMG_7258.jpeg 1019w\" sizes=\"(max-width: 770px) 100vw, 770px\" \/><br \/>\nO Presidente da Rep\u00fablica, Jo\u00e3o Louren\u00e7o, rendeu homenagem, este s\u00e1bado, ao jornalista, conselheiro e escritor, Ismael Mateus, que faleceu , na passada ter\u00e7a-feira, num acidente de via\u00e7\u00e3o, em Luanda.<\/p>\n<p>No comando do Ex\u00e9rcito, em Luanda onde foram velados os restos mortais do jornalista, o Chefe de Estado acompanhado da Primeira-Dama da Rep\u00fablica, Ana Dias Louren\u00e7o, depositou uma coroa de flores junto \u00e0 urna e apresentou condol\u00eancias \u00e0 fam\u00edlia enlutada.<\/p>\n<p>No livro de condol\u00eancias, o Presidente Jo\u00e3o Louren\u00e7o destacou a figura do antigo membro do Conselho da Rep\u00fablica, salientando que como jornalista, radialista e escritor de grande gabarito, Angola perde um intelectual que na sua ac\u00e7\u00e3o interventora na vida p\u00fablica soube aliar um elevado sentido cr\u00edtico com civismo e respeito pelas institui\u00e7\u00f5es democr\u00e1ticas.<\/p>\n<p>Para o Chefe de Estado, essa postura respons\u00e1vel \u00e9 um exemplo para as gera\u00e7\u00f5es mais jovens que viam nele um mestre e um modelo a seguir.<\/p>\n<p>&#8220;Com uma legi\u00e3o de seguidores e admiradores tamb\u00e9m como escritor a fic\u00e7\u00e3o, a prematura morte do cidad\u00e3o Ismael Mateus empobrece o nosso jornalismo e a nossa cultura&#8221; l\u00ea-se no livro de condol\u00eancias assinado pelo Presidente Jo\u00e3o Louren\u00e7o.<\/p>\n<p>Renderam igualmente homenagem a Vice-Presidente da Rep\u00fablica, Esperan\u00e7a da Costa, membros e representantes de outros \u00f3rg\u00e3os de soberania, amigos, familiares e colegas.<\/p>\n","protected":false},"excerpt":{"rendered":"<p>O Presidente da Rep\u00fablica, Jo\u00e3o Louren\u00e7o, rendeu homenagem, este s\u00e1bado, ao jornalista, conselheiro e escritor, Ismael Mateus, que faleceu , na passada ter\u00e7a-feira, num acidente de via\u00e7\u00e3o, em Luanda. No comando do Ex\u00e9rcito, em Luanda onde foram velados os restos mortais do jornalista, o Chefe de Estado acompanhado da Primeira-Dama ...<\/p>\n","protected":false},"author":10,"featured_media":157479,"comment_status":"closed","ping_status":"closed","sticky":false,"template":"","format":"standard","meta":[],"categories":[142,121,163,1],"tags":[],"_links":{"self":[{"href":"https:\/\/rna.ao\/rna.ao\/wp-json\/wp\/v2\/posts\/157477"}],"collection":[{"href":"https:\/\/rna.ao\/rna.ao\/wp-json\/wp\/v2\/posts"}],"about":[{"href":"https:\/\/rna.ao\/rna.ao\/wp-json\/wp\/v2\/types\/post"}],"author":[{"embeddable":true,"href":"https:\/\/rna.ao\/rna.ao\/wp-json\/wp\/v2\/users\/10"}],"replies":[{"embeddable":true,"href":"https:\/\/rna.ao\/rna.ao\/wp-json\/wp\/v2\/comments?post=157477"}],"version-history":[{"count":1,"href":"https:\/\/rna.ao\/rna.ao\/wp-json\/wp\/v2\/posts\/157477\/revisions"}],"predecessor-version":[{"id":157480,"href":"https:\/\/rna.ao\/rna.ao\/wp-json\/wp\/v2\/posts\/157477\/revisions\/157480"}],"wp:featuredmedia":[{"embeddable":true,"href":"https:\/\/rna.ao\/rna.ao\/wp-json\/wp\/v2\/media\/157479"}],"wp:attachment":[{"href":"https:\/\/rna.ao\/rna.ao\/wp-json\/wp\/v2\/media?parent=157477"}],"wp:term":[{"taxonomy":"category","embeddable":true,"href":"https:\/\/rna.ao\/rna.ao\/wp-json\/wp\/v2\/categories?post=157477"},{"taxonomy":"post_tag","embeddable":true,"href":"https:\/\/rna.ao\/rna.ao\/wp-json\/wp\/v2\/tags?post=157477"}],"curies":[{"name":"wp","href":"https:\/\/api.w.org\/{rel}","templated":true}]}}