{"id":157445,"date":"2024-10-04T13:24:15","date_gmt":"2024-10-04T12:24:15","guid":{"rendered":"https:\/\/rna.ao\/rna.ao\/?p=157445"},"modified":"2024-10-04T13:24:15","modified_gmt":"2024-10-04T12:24:15","slug":"pai-mata-filho-de-2-anos-a-pancada-e-tortura-outro-em-estado-grave","status":"publish","type":"post","link":"https:\/\/rna.ao\/rna.ao\/2024\/10\/04\/pai-mata-filho-de-2-anos-a-pancada-e-tortura-outro-em-estado-grave\/","title":{"rendered":"Pai mata filho de 2 anos \u00e0 pancada e tortura outro em estado grave"},"content":{"rendered":"<p><img loading=\"lazy\" class=\"wp-image-139398 alignleft\" src=\"https:\/\/rna.ao\/rna.ao\/wp-content\/uploads\/2024\/05\/morto-assassinato-770x499.jpg\" alt=\"\" width=\"398\" height=\"258\" srcset=\"https:\/\/rna.ao\/rna.ao\/wp-content\/uploads\/2024\/05\/morto-assassinato-770x499.jpg 770w, https:\/\/rna.ao\/rna.ao\/wp-content\/uploads\/2024\/05\/morto-assassinato-768x498.jpg 768w, https:\/\/rna.ao\/rna.ao\/wp-content\/uploads\/2024\/05\/morto-assassinato.jpg 918w\" sizes=\"(max-width: 398px) 100vw, 398px\" \/>Est\u00e1 detido na Prov\u00edncia do Bi\u00e9, um cidad\u00e3o suspeito acusado de matar o filho de dois anos \u00e0 pancada. De 28 anos, o cidad\u00e3o tamb\u00e9m \u00e9 suspeito de ter ferido com gravidade outro filho de 4 anos, que nesta altura est\u00e1 nos cuidados intensivos. O motivo prende-se com o facto de a esposa ter de sair todos os dias em busca de sustento para a fam\u00edlia. Saiba mais dados, no \u00e1udio abaixo, com o rep\u00f3rter Martinho Anselmo Kanequela:<\/p>\n\t<div class=\"qtmplayer-playlist-large\">\n\t\t<ul class=\"qtmplayer-playlist\">\n\t\t\t\n\t\t\t\t\t<li class=\"qtmplayer-trackitem\">\n\t\t<img src=\"https:\/\/rna.ao\/rna.ao\/wp-content\/uploads\/2024\/05\/morto-assassinato-100x100.jpg\" alt=\"cover\">\t\t<span \t\t\tdata-qtmplayer-cover=\"https:\/\/rna.ao\/rna.ao\/wp-content\/uploads\/2024\/05\/morto-assassinato-370x370.jpg\"\n\t\t\t\t\t\tdata-qtmplayer-file=\"https:\/\/rna.ao\/rna.ao\/wp-content\/uploads\/2024\/10\/BIE-PAI-ACUSADO-DE-MATAR-FILHO-DE-DOIS-ANOS-13HRS.mp3\"\n\t\t\t\t\t\tdata-qtmplayer-title=\"Pai mata filho de 2 anos \u00e0 pancada e tortura outro em estado grave\"\n\t\t\t\t\t\tdata-qtmplayer-artist=\"Jo\u00e3o Augusto\"\n\t\t\t\t\t\tdata-qtmplayer-link=\"https:\/\/rna.ao\/rna.ao\/2024\/10\/04\/pai-mata-filho-de-2-anos-a-pancada-e-tortura-outro-em-estado-grave\/\"\n\t\t\t\t\t\tdata-qtmplayer-icon=\"file_download\"\n\t\t\t\t\t\tdata-qtmplayer-type=\"track\"\n\t\t\t class=\"qtmplayer-play qtmplayer-link-sec qtmplayer-play-btn\"><i class='material-icons'>play_arrow<\/i><\/span>\n\t\t<p>\n\t\t\t<span class=\"qtmplayer-tit\">Pai mata filho de 2 anos \u00e0 pancada e tortura outro em estado grave<\/span>\n\t\t\t<span class=\"qtmplayer-art\">Jo\u00e3o Augusto<\/span>\n\t\t<\/p>\n\t<\/li>\n\t\t<\/ul>\n\t<\/div>\t\t\t\n\t\n","protected":false},"excerpt":{"rendered":"<p>Est\u00e1 detido na Prov\u00edncia do Bi\u00e9, um cidad\u00e3o suspeito acusado de matar o filho de dois anos \u00e0 pancada. De 28 anos, o cidad\u00e3o tamb\u00e9m \u00e9 suspeito de ter ferido com gravidade outro filho de 4 anos, que nesta altura est\u00e1 nos cuidados intensivos. O motivo prende-se com o facto ...<\/p>\n","protected":false},"author":15,"featured_media":139398,"comment_status":"closed","ping_status":"closed","sticky":false,"template":"","format":"standard","meta":[],"categories":[142,121,163],"tags":[],"_links":{"self":[{"href":"https:\/\/rna.ao\/rna.ao\/wp-json\/wp\/v2\/posts\/157445"}],"collection":[{"href":"https:\/\/rna.ao\/rna.ao\/wp-json\/wp\/v2\/posts"}],"about":[{"href":"https:\/\/rna.ao\/rna.ao\/wp-json\/wp\/v2\/types\/post"}],"author":[{"embeddable":true,"href":"https:\/\/rna.ao\/rna.ao\/wp-json\/wp\/v2\/users\/15"}],"replies":[{"embeddable":true,"href":"https:\/\/rna.ao\/rna.ao\/wp-json\/wp\/v2\/comments?post=157445"}],"version-history":[{"count":1,"href":"https:\/\/rna.ao\/rna.ao\/wp-json\/wp\/v2\/posts\/157445\/revisions"}],"predecessor-version":[{"id":157447,"href":"https:\/\/rna.ao\/rna.ao\/wp-json\/wp\/v2\/posts\/157445\/revisions\/157447"}],"wp:featuredmedia":[{"embeddable":true,"href":"https:\/\/rna.ao\/rna.ao\/wp-json\/wp\/v2\/media\/139398"}],"wp:attachment":[{"href":"https:\/\/rna.ao\/rna.ao\/wp-json\/wp\/v2\/media?parent=157445"}],"wp:term":[{"taxonomy":"category","embeddable":true,"href":"https:\/\/rna.ao\/rna.ao\/wp-json\/wp\/v2\/categories?post=157445"},{"taxonomy":"post_tag","embeddable":true,"href":"https:\/\/rna.ao\/rna.ao\/wp-json\/wp\/v2\/tags?post=157445"}],"curies":[{"name":"wp","href":"https:\/\/api.w.org\/{rel}","templated":true}]}}