{"id":157419,"date":"2024-10-04T12:18:40","date_gmt":"2024-10-04T11:18:40","guid":{"rendered":"https:\/\/rna.ao\/rna.ao\/?p=157419"},"modified":"2024-10-04T12:18:40","modified_gmt":"2024-10-04T11:18:40","slug":"amigos-do-alheio-vandalizam-torres-de-alta-tensao-que-transportar-energia-electrica-a-partir-da-barragem-de-capanda","status":"publish","type":"post","link":"https:\/\/rna.ao\/rna.ao\/2024\/10\/04\/amigos-do-alheio-vandalizam-torres-de-alta-tensao-que-transportar-energia-electrica-a-partir-da-barragem-de-capanda\/","title":{"rendered":"Amigos do alheio vandalizam torres de alta tens\u00e3o que transportar energia el\u00e9ctrica a partir da Barragem de Capanda"},"content":{"rendered":"<p><img loading=\"lazy\" class=\"wp-image-143703 alignleft\" src=\"https:\/\/rna.ao\/rna.ao\/wp-content\/uploads\/2024\/06\/vandalizacao-770x432.jpg\" alt=\"\" width=\"455\" height=\"255\" srcset=\"https:\/\/rna.ao\/rna.ao\/wp-content\/uploads\/2024\/06\/vandalizacao-770x432.jpg 770w, https:\/\/rna.ao\/rna.ao\/wp-content\/uploads\/2024\/06\/vandalizacao-768x431.jpg 768w, https:\/\/rna.ao\/rna.ao\/wp-content\/uploads\/2024\/06\/vandalizacao.jpg 900w\" sizes=\"(max-width: 455px) 100vw, 455px\" \/>A Electrifica\u00e7\u00e3o dos munic\u00edpios de Malanje, vai conhecer atraso por conta das ac\u00e7\u00f5es dos amigos do alheio. De acordo com a Direc\u00e7\u00e3o da Energia de Malanje gente movida de m\u00e1-f\u00e9, est\u00e1 a vandalizar as torres de alta tens\u00e3o que est\u00e3o a transportar a energia el\u00e9ctrica a partir da Barragem de Capanda para os munic\u00edpios. Ou\u00e7a, no \u00e1udio abaixo, toda informa\u00e7\u00e3o com a reportagem do Osvaldo da Paix\u00e3o:<\/p>\n\t<div class=\"qtmplayer-playlist-large\">\n\t\t<ul class=\"qtmplayer-playlist\">\n\t\t\t\n\t\t\t\t\t<li class=\"qtmplayer-trackitem\">\n\t\t<img src=\"https:\/\/rna.ao\/rna.ao\/wp-content\/uploads\/2024\/09\/Vandalizacao-das-torres-de-electricidade-100x100.jpg\" alt=\"cover\">\t\t<span \t\t\tdata-qtmplayer-cover=\"https:\/\/rna.ao\/rna.ao\/wp-content\/uploads\/2024\/09\/Vandalizacao-das-torres-de-electricidade-370x370.jpg\"\n\t\t\t\t\t\tdata-qtmplayer-file=\"https:\/\/rna.ao\/rna.ao\/wp-content\/uploads\/2024\/10\/MALANJE-VANDALIZACAO-20HRS.mp3\"\n\t\t\t\t\t\tdata-qtmplayer-title=\"Amigos do alheio vandalizam torres de alta tens\u00e3o que transportar energia el\u00e9ctrica a partir da Barragem de Capanda\"\n\t\t\t\t\t\tdata-qtmplayer-artist=\"Jo\u00e3o Augusto\"\n\t\t\t\t\t\tdata-qtmplayer-link=\"https:\/\/rna.ao\/rna.ao\/2024\/10\/04\/amigos-do-alheio-vandalizam-torres-de-alta-tensao-que-transportar-energia-electrica-a-partir-da-barragem-de-capanda\/\"\n\t\t\t\t\t\tdata-qtmplayer-icon=\"file_download\"\n\t\t\t\t\t\tdata-qtmplayer-type=\"track\"\n\t\t\t class=\"qtmplayer-play qtmplayer-link-sec qtmplayer-play-btn\"><i class='material-icons'>play_arrow<\/i><\/span>\n\t\t<p>\n\t\t\t<span class=\"qtmplayer-tit\">Amigos do alheio vandalizam torres de alta tens\u00e3o que transportar energia el\u00e9ctrica a partir da Barragem de Capanda<\/span>\n\t\t\t<span class=\"qtmplayer-art\">Jo\u00e3o Augusto<\/span>\n\t\t<\/p>\n\t<\/li>\n\t\t<\/ul>\n\t<\/div>\t\t\t\n\t\n","protected":false},"excerpt":{"rendered":"<p>A Electrifica\u00e7\u00e3o dos munic\u00edpios de Malanje, vai conhecer atraso por conta das ac\u00e7\u00f5es dos amigos do alheio. De acordo com a Direc\u00e7\u00e3o da Energia de Malanje gente movida de m\u00e1-f\u00e9, est\u00e1 a vandalizar as torres de alta tens\u00e3o que est\u00e3o a transportar a energia el\u00e9ctrica a partir da Barragem de ...<\/p>\n","protected":false},"author":15,"featured_media":156206,"comment_status":"closed","ping_status":"closed","sticky":false,"template":"","format":"standard","meta":[],"categories":[142,121,164,163],"tags":[],"_links":{"self":[{"href":"https:\/\/rna.ao\/rna.ao\/wp-json\/wp\/v2\/posts\/157419"}],"collection":[{"href":"https:\/\/rna.ao\/rna.ao\/wp-json\/wp\/v2\/posts"}],"about":[{"href":"https:\/\/rna.ao\/rna.ao\/wp-json\/wp\/v2\/types\/post"}],"author":[{"embeddable":true,"href":"https:\/\/rna.ao\/rna.ao\/wp-json\/wp\/v2\/users\/15"}],"replies":[{"embeddable":true,"href":"https:\/\/rna.ao\/rna.ao\/wp-json\/wp\/v2\/comments?post=157419"}],"version-history":[{"count":1,"href":"https:\/\/rna.ao\/rna.ao\/wp-json\/wp\/v2\/posts\/157419\/revisions"}],"predecessor-version":[{"id":157421,"href":"https:\/\/rna.ao\/rna.ao\/wp-json\/wp\/v2\/posts\/157419\/revisions\/157421"}],"wp:featuredmedia":[{"embeddable":true,"href":"https:\/\/rna.ao\/rna.ao\/wp-json\/wp\/v2\/media\/156206"}],"wp:attachment":[{"href":"https:\/\/rna.ao\/rna.ao\/wp-json\/wp\/v2\/media?parent=157419"}],"wp:term":[{"taxonomy":"category","embeddable":true,"href":"https:\/\/rna.ao\/rna.ao\/wp-json\/wp\/v2\/categories?post=157419"},{"taxonomy":"post_tag","embeddable":true,"href":"https:\/\/rna.ao\/rna.ao\/wp-json\/wp\/v2\/tags?post=157419"}],"curies":[{"name":"wp","href":"https:\/\/api.w.org\/{rel}","templated":true}]}}