{"id":157128,"date":"2024-10-02T09:28:46","date_gmt":"2024-10-02T08:28:46","guid":{"rendered":"https:\/\/rna.ao\/rna.ao\/?p=157128"},"modified":"2024-10-02T09:28:46","modified_gmt":"2024-10-02T08:28:46","slug":"ismael-mateus-foi-um-verdadeiro-soldado-da-democracia-diz-nuno-caldas-albino","status":"publish","type":"post","link":"https:\/\/rna.ao\/rna.ao\/2024\/10\/02\/ismael-mateus-foi-um-verdadeiro-soldado-da-democracia-diz-nuno-caldas-albino\/","title":{"rendered":"&#8220;Ismael Mateus foi um verdadeiro soldado da democracia&#8221; diz Nuno Caldas Albino"},"content":{"rendered":"<p><img loading=\"lazy\" class=\"wp-image-157131 alignleft\" src=\"https:\/\/rna.ao\/rna.ao\/wp-content\/uploads\/2024\/10\/ismael-mateus-3.jpg\" alt=\"\" width=\"360\" height=\"193\" \/>O Secret\u00e1rio de Estado para a Comunica\u00e7\u00e3o Social Nuno Caldas Albino diz que a morte do jornalista Ismael Mateus deixa um vazio no jornalismo angolano. Nuno Caldas Albino diz que enquanto vivo, os seus coment\u00e1rios sempre contribu\u00edram para o desenvolvimento profissional da classe e no enriquecimento do sistema econ\u00f3mico e politico do pa\u00eds. Clique no \u00e1udio e ou\u00e7a:<\/p>\n\t<div class=\"qtmplayer-playlist-large\">\n\t\t<ul class=\"qtmplayer-playlist\">\n\t\t\t\n\t\t\t\t\t<li class=\"qtmplayer-trackitem\">\n\t\t<img src=\"https:\/\/rna.ao\/rna.ao\/wp-content\/uploads\/2023\/05\/nuno_carna-100x100.jpg\" alt=\"cover\">\t\t<span \t\t\tdata-qtmplayer-cover=\"https:\/\/rna.ao\/rna.ao\/wp-content\/uploads\/2023\/05\/nuno_carna.jpg\"\n\t\t\t\t\t\tdata-qtmplayer-file=\"https:\/\/rna.ao\/rna.ao\/wp-content\/uploads\/2024\/10\/NUNO-CALDAS-1-2OHS.mp3\"\n\t\t\t\t\t\tdata-qtmplayer-title=\"&#8220;Ismael Mateus foi um verdadeiro soldado da democracia&#8221; diz Nuno Caldas Albino\"\n\t\t\t\t\t\tdata-qtmplayer-artist=\"Jo\u00e3o Augusto\"\n\t\t\t\t\t\tdata-qtmplayer-link=\"https:\/\/rna.ao\/rna.ao\/2024\/10\/02\/ismael-mateus-foi-um-verdadeiro-soldado-da-democracia-diz-nuno-caldas-albino\/\"\n\t\t\t\t\t\tdata-qtmplayer-icon=\"file_download\"\n\t\t\t\t\t\tdata-qtmplayer-type=\"track\"\n\t\t\t class=\"qtmplayer-play qtmplayer-link-sec qtmplayer-play-btn\"><i class='material-icons'>play_arrow<\/i><\/span>\n\t\t<p>\n\t\t\t<span class=\"qtmplayer-tit\">&#8220;Ismael Mateus foi um verdadeiro soldado da democracia&#8221; diz Nuno Caldas Albino<\/span>\n\t\t\t<span class=\"qtmplayer-art\">Jo\u00e3o Augusto<\/span>\n\t\t<\/p>\n\t<\/li>\n\t\t<\/ul>\n\t<\/div>\t\t\t\n\t\n<p>O Secret\u00e1rio de Estado Nuno Caldas Albino foi um verdadeiro soldado da democracia da comunica\u00e7\u00e3o social angolana. Clique no \u00e1udio e ou\u00e7a:<\/p>\n\t<div class=\"qtmplayer-playlist-large\">\n\t\t<ul class=\"qtmplayer-playlist\">\n\t\t\t\n\t\t\t\t\t<li class=\"qtmplayer-trackitem\">\n\t\t<img src=\"https:\/\/rna.ao\/rna.ao\/wp-content\/uploads\/2023\/05\/nuno_carna-100x100.jpg\" alt=\"cover\">\t\t<span \t\t\tdata-qtmplayer-cover=\"https:\/\/rna.ao\/rna.ao\/wp-content\/uploads\/2023\/05\/nuno_carna.jpg\"\n\t\t\t\t\t\tdata-qtmplayer-file=\"https:\/\/rna.ao\/rna.ao\/wp-content\/uploads\/2024\/10\/NUNO-CALDAS-2-2OHS.mp3\"\n\t\t\t\t\t\tdata-qtmplayer-title=\"&#8220;Ismael Mateus foi um verdadeiro soldado da democracia&#8221; diz Nuno Caldas Albino\"\n\t\t\t\t\t\tdata-qtmplayer-artist=\"Jo\u00e3o Augusto\"\n\t\t\t\t\t\tdata-qtmplayer-link=\"https:\/\/rna.ao\/rna.ao\/2024\/10\/02\/ismael-mateus-foi-um-verdadeiro-soldado-da-democracia-diz-nuno-caldas-albino\/\"\n\t\t\t\t\t\tdata-qtmplayer-icon=\"file_download\"\n\t\t\t\t\t\tdata-qtmplayer-type=\"track\"\n\t\t\t class=\"qtmplayer-play qtmplayer-link-sec qtmplayer-play-btn\"><i class='material-icons'>play_arrow<\/i><\/span>\n\t\t<p>\n\t\t\t<span class=\"qtmplayer-tit\">&#8220;Ismael Mateus foi um verdadeiro soldado da democracia&#8221; diz Nuno Caldas Albino<\/span>\n\t\t\t<span class=\"qtmplayer-art\">Jo\u00e3o Augusto<\/span>\n\t\t<\/p>\n\t<\/li>\n\t\t<\/ul>\n\t<\/div>\t\t\t\n\t\n","protected":false},"excerpt":{"rendered":"<p>O Secret\u00e1rio de Estado para a Comunica\u00e7\u00e3o Social Nuno Caldas Albino diz que a morte do jornalista Ismael Mateus deixa um vazio no jornalismo angolano. Nuno Caldas Albino diz que enquanto vivo, os seus coment\u00e1rios sempre contribu\u00edram para o desenvolvimento profissional da classe e no enriquecimento do sistema econ\u00f3mico e ...<\/p>\n","protected":false},"author":15,"featured_media":103830,"comment_status":"closed","ping_status":"closed","sticky":false,"template":"","format":"standard","meta":[],"categories":[142,121,163],"tags":[],"_links":{"self":[{"href":"https:\/\/rna.ao\/rna.ao\/wp-json\/wp\/v2\/posts\/157128"}],"collection":[{"href":"https:\/\/rna.ao\/rna.ao\/wp-json\/wp\/v2\/posts"}],"about":[{"href":"https:\/\/rna.ao\/rna.ao\/wp-json\/wp\/v2\/types\/post"}],"author":[{"embeddable":true,"href":"https:\/\/rna.ao\/rna.ao\/wp-json\/wp\/v2\/users\/15"}],"replies":[{"embeddable":true,"href":"https:\/\/rna.ao\/rna.ao\/wp-json\/wp\/v2\/comments?post=157128"}],"version-history":[{"count":1,"href":"https:\/\/rna.ao\/rna.ao\/wp-json\/wp\/v2\/posts\/157128\/revisions"}],"predecessor-version":[{"id":157133,"href":"https:\/\/rna.ao\/rna.ao\/wp-json\/wp\/v2\/posts\/157128\/revisions\/157133"}],"wp:featuredmedia":[{"embeddable":true,"href":"https:\/\/rna.ao\/rna.ao\/wp-json\/wp\/v2\/media\/103830"}],"wp:attachment":[{"href":"https:\/\/rna.ao\/rna.ao\/wp-json\/wp\/v2\/media?parent=157128"}],"wp:term":[{"taxonomy":"category","embeddable":true,"href":"https:\/\/rna.ao\/rna.ao\/wp-json\/wp\/v2\/categories?post=157128"},{"taxonomy":"post_tag","embeddable":true,"href":"https:\/\/rna.ao\/rna.ao\/wp-json\/wp\/v2\/tags?post=157128"}],"curies":[{"name":"wp","href":"https:\/\/api.w.org\/{rel}","templated":true}]}}