{"id":157028,"date":"2024-10-01T13:56:14","date_gmt":"2024-10-01T12:56:14","guid":{"rendered":"https:\/\/rna.ao\/rna.ao\/?p=157028"},"modified":"2024-10-01T19:18:59","modified_gmt":"2024-10-01T18:18:59","slug":"amigos-e-contemporaneos-lamentam-a-morte-de-ismael-mateus","status":"publish","type":"post","link":"https:\/\/rna.ao\/rna.ao\/2024\/10\/01\/amigos-e-contemporaneos-lamentam-a-morte-de-ismael-mateus\/","title":{"rendered":"Amigos e contempor\u00e2neos lamentam a morte de Ismael Mateus"},"content":{"rendered":"<p><img loading=\"lazy\" class=\"alignnone wp-image-156983\" src=\"https:\/\/rna.ao\/rna.ao\/wp-content\/uploads\/2024\/10\/IMG_6167-770x770.jpeg\" alt=\"\" width=\"457\" height=\"457\" srcset=\"https:\/\/rna.ao\/rna.ao\/wp-content\/uploads\/2024\/10\/IMG_6167-770x770.jpeg 770w, https:\/\/rna.ao\/rna.ao\/wp-content\/uploads\/2024\/10\/IMG_6167-150x150.jpeg 150w, https:\/\/rna.ao\/rna.ao\/wp-content\/uploads\/2024\/10\/IMG_6167-768x769.jpeg 768w, https:\/\/rna.ao\/rna.ao\/wp-content\/uploads\/2024\/10\/IMG_6167-100x100.jpeg 100w, https:\/\/rna.ao\/rna.ao\/wp-content\/uploads\/2024\/10\/IMG_6167-370x370.jpeg 370w, https:\/\/rna.ao\/rna.ao\/wp-content\/uploads\/2024\/10\/IMG_6167.jpeg 1080w\" sizes=\"(max-width: 457px) 100vw, 457px\" \/><\/p>\n<p style=\"font-weight: 400;\">Morreu hoje o jornalista Ismael Mateus, v\u00edtima de acidente de via\u00e7\u00e3o.<\/p>\n<p style=\"font-weight: 400;\">O acidente ocorreu na avenida 21 de janeiro junto ao campo multiuso no munic\u00edpio de Luanda.<\/p>\n<p style=\"font-weight: 400;\">De acordo com dados da Pol\u00edcia Nacional, presume-se que Ismael Mateus circulava com excesso de velocidade e n\u00e3o conseguiu controlar o ve\u00edculo tendo despistado e causando a sua morte imediata.<\/p>\n<p style=\"font-weight: 400;\">De 60 anos de idade, Ismael Mateus era membro do Conselho da Rep\u00fablica, foi Director de informa\u00e7\u00e3o da R\u00e1dio Nacional de Angola para al\u00e9m de articulista do jornal de Angola e comentarista de televis\u00e3o. Ant\u00f3nio Chocolate. Clique no \u00e1udio abaixo e ou\u00e7a:<\/p>\n\t<div class=\"qtmplayer-playlist-large\">\n\t\t<ul class=\"qtmplayer-playlist\">\n\t\t\t\n\t\t\t\t\t<li class=\"qtmplayer-trackitem\">\n\t\t<img src=\"https:\/\/rna.ao\/rna.ao\/wp-content\/uploads\/2024\/10\/IMG_6167-100x100.jpeg\" alt=\"cover\">\t\t<span \t\t\tdata-qtmplayer-cover=\"https:\/\/rna.ao\/rna.ao\/wp-content\/uploads\/2024\/10\/IMG_6167-370x370.jpeg\"\n\t\t\t\t\t\tdata-qtmplayer-file=\"https:\/\/rna.ao\/rna.ao\/wp-content\/uploads\/2024\/10\/ANTONIO-CHOCOLATE-I-M-BOM.mp3\"\n\t\t\t\t\t\tdata-qtmplayer-title=\"Amigos e contempor\u00e2neos lamentam a morte de Ismael Mateus\"\n\t\t\t\t\t\tdata-qtmplayer-artist=\"Carla\"\n\t\t\t\t\t\tdata-qtmplayer-link=\"https:\/\/rna.ao\/rna.ao\/2024\/10\/01\/amigos-e-contemporaneos-lamentam-a-morte-de-ismael-mateus\/\"\n\t\t\t\t\t\tdata-qtmplayer-icon=\"file_download\"\n\t\t\t\t\t\tdata-qtmplayer-type=\"track\"\n\t\t\t class=\"qtmplayer-play qtmplayer-link-sec qtmplayer-play-btn\"><i class='material-icons'>play_arrow<\/i><\/span>\n\t\t<p>\n\t\t\t<span class=\"qtmplayer-tit\">Amigos e contempor\u00e2neos lamentam a morte de Ismael Mateus<\/span>\n\t\t\t<span class=\"qtmplayer-art\">Carla<\/span>\n\t\t<\/p>\n\t<\/li>\n\t\t<\/ul>\n\t<\/div>\t\t\t\n\t\n","protected":false},"excerpt":{"rendered":"<p>Morreu hoje o jornalista Ismael Mateus, v\u00edtima de acidente de via\u00e7\u00e3o. O acidente ocorreu na avenida 21 de janeiro junto ao campo multiuso no munic\u00edpio de Luanda. De acordo com dados da Pol\u00edcia Nacional, presume-se que Ismael Mateus circulava com excesso de velocidade e n\u00e3o conseguiu controlar o ve\u00edculo tendo ...<\/p>\n","protected":false},"author":10,"featured_media":156983,"comment_status":"closed","ping_status":"closed","sticky":false,"template":"","format":"standard","meta":[],"categories":[142,121,163],"tags":[],"_links":{"self":[{"href":"https:\/\/rna.ao\/rna.ao\/wp-json\/wp\/v2\/posts\/157028"}],"collection":[{"href":"https:\/\/rna.ao\/rna.ao\/wp-json\/wp\/v2\/posts"}],"about":[{"href":"https:\/\/rna.ao\/rna.ao\/wp-json\/wp\/v2\/types\/post"}],"author":[{"embeddable":true,"href":"https:\/\/rna.ao\/rna.ao\/wp-json\/wp\/v2\/users\/10"}],"replies":[{"embeddable":true,"href":"https:\/\/rna.ao\/rna.ao\/wp-json\/wp\/v2\/comments?post=157028"}],"version-history":[{"count":3,"href":"https:\/\/rna.ao\/rna.ao\/wp-json\/wp\/v2\/posts\/157028\/revisions"}],"predecessor-version":[{"id":157060,"href":"https:\/\/rna.ao\/rna.ao\/wp-json\/wp\/v2\/posts\/157028\/revisions\/157060"}],"wp:featuredmedia":[{"embeddable":true,"href":"https:\/\/rna.ao\/rna.ao\/wp-json\/wp\/v2\/media\/156983"}],"wp:attachment":[{"href":"https:\/\/rna.ao\/rna.ao\/wp-json\/wp\/v2\/media?parent=157028"}],"wp:term":[{"taxonomy":"category","embeddable":true,"href":"https:\/\/rna.ao\/rna.ao\/wp-json\/wp\/v2\/categories?post=157028"},{"taxonomy":"post_tag","embeddable":true,"href":"https:\/\/rna.ao\/rna.ao\/wp-json\/wp\/v2\/tags?post=157028"}],"curies":[{"name":"wp","href":"https:\/\/api.w.org\/{rel}","templated":true}]}}