{"id":156915,"date":"2024-09-30T12:42:13","date_gmt":"2024-09-30T11:42:13","guid":{"rendered":"https:\/\/rna.ao\/rna.ao\/?p=156915"},"modified":"2024-09-30T12:42:13","modified_gmt":"2024-09-30T11:42:13","slug":"pereira-alfredo-visita-instalacoes-da-rna-no-huambo-e-encoraja-profissionais-a-prosseguir-com-a-missao-de-informar-e-formar-a-sociedade","status":"publish","type":"post","link":"https:\/\/rna.ao\/rna.ao\/2024\/09\/30\/pereira-alfredo-visita-instalacoes-da-rna-no-huambo-e-encoraja-profissionais-a-prosseguir-com-a-missao-de-informar-e-formar-a-sociedade\/","title":{"rendered":"Pereira Alfredo visita instala\u00e7\u00f5es da RNA no Huambo e encoraja profissionais a prosseguir com a miss\u00e3o de informar e formar a sociedade"},"content":{"rendered":"<p><img loading=\"lazy\" class=\"size-full wp-image-156917 aligncenter\" src=\"https:\/\/rna.ao\/rna.ao\/wp-content\/uploads\/2024\/09\/huambo-radio-pereira-alfredo.jpg\" alt=\"\" width=\"360\" height=\"270\" \/>O Governador do Huambo, Pereira Alfredo, encorajou os profissionais da RNA naquela prov\u00edncia, a prosseguir com a miss\u00e3o de informar e formar a sociedade. Pereira Alfredo esteve nas instala\u00e7\u00f5es da R\u00e1dio Huambo para constatar o funcionamento da emissora.<\/p>\n","protected":false},"excerpt":{"rendered":"<p>O Governador do Huambo, Pereira Alfredo, encorajou os profissionais da RNA naquela prov\u00edncia, a prosseguir com a miss\u00e3o de informar e formar a sociedade. Pereira Alfredo esteve nas instala\u00e7\u00f5es da R\u00e1dio Huambo para constatar o funcionamento da emissora.<\/p>\n","protected":false},"author":15,"featured_media":156917,"comment_status":"closed","ping_status":"closed","sticky":false,"template":"","format":"standard","meta":[],"categories":[142,121,164,163],"tags":[],"_links":{"self":[{"href":"https:\/\/rna.ao\/rna.ao\/wp-json\/wp\/v2\/posts\/156915"}],"collection":[{"href":"https:\/\/rna.ao\/rna.ao\/wp-json\/wp\/v2\/posts"}],"about":[{"href":"https:\/\/rna.ao\/rna.ao\/wp-json\/wp\/v2\/types\/post"}],"author":[{"embeddable":true,"href":"https:\/\/rna.ao\/rna.ao\/wp-json\/wp\/v2\/users\/15"}],"replies":[{"embeddable":true,"href":"https:\/\/rna.ao\/rna.ao\/wp-json\/wp\/v2\/comments?post=156915"}],"version-history":[{"count":1,"href":"https:\/\/rna.ao\/rna.ao\/wp-json\/wp\/v2\/posts\/156915\/revisions"}],"predecessor-version":[{"id":156918,"href":"https:\/\/rna.ao\/rna.ao\/wp-json\/wp\/v2\/posts\/156915\/revisions\/156918"}],"wp:featuredmedia":[{"embeddable":true,"href":"https:\/\/rna.ao\/rna.ao\/wp-json\/wp\/v2\/media\/156917"}],"wp:attachment":[{"href":"https:\/\/rna.ao\/rna.ao\/wp-json\/wp\/v2\/media?parent=156915"}],"wp:term":[{"taxonomy":"category","embeddable":true,"href":"https:\/\/rna.ao\/rna.ao\/wp-json\/wp\/v2\/categories?post=156915"},{"taxonomy":"post_tag","embeddable":true,"href":"https:\/\/rna.ao\/rna.ao\/wp-json\/wp\/v2\/tags?post=156915"}],"curies":[{"name":"wp","href":"https:\/\/api.w.org\/{rel}","templated":true}]}}