{"id":156837,"date":"2024-09-28T09:20:24","date_gmt":"2024-09-28T08:20:24","guid":{"rendered":"https:\/\/rna.ao\/rna.ao\/?p=156837"},"modified":"2024-09-28T09:20:24","modified_gmt":"2024-09-28T08:20:24","slug":"vice-primeiro-ministro-cabo-verdiano-propoe-regulamentacao-da-emigracao-no-espaco-cplp","status":"publish","type":"post","link":"https:\/\/rna.ao\/rna.ao\/2024\/09\/28\/vice-primeiro-ministro-cabo-verdiano-propoe-regulamentacao-da-emigracao-no-espaco-cplp\/","title":{"rendered":"Vice-primeiro-ministro cabo-verdiano prop\u00f5e regulamenta\u00e7\u00e3o da emigra\u00e7\u00e3o no espa\u00e7o CPLP"},"content":{"rendered":"<div class=\"mx-3 mx-md-5 article-text margin-top-30\">\n<p class=\"article-lead readthis-1603056\"><img loading=\"lazy\" class=\"alignnone size-medium wp-image-156838\" src=\"https:\/\/rna.ao\/rna.ao\/wp-content\/uploads\/2024\/09\/IMG_7110-770x486.jpeg\" alt=\"\" width=\"770\" height=\"486\" srcset=\"https:\/\/rna.ao\/rna.ao\/wp-content\/uploads\/2024\/09\/IMG_7110-770x486.jpeg 770w, https:\/\/rna.ao\/rna.ao\/wp-content\/uploads\/2024\/09\/IMG_7110-1170x738.jpeg 1170w, https:\/\/rna.ao\/rna.ao\/wp-content\/uploads\/2024\/09\/IMG_7110-768x485.jpeg 768w, https:\/\/rna.ao\/rna.ao\/wp-content\/uploads\/2024\/09\/IMG_7110.jpeg 1529w\" sizes=\"(max-width: 770px) 100vw, 770px\" \/><br \/>\nO vice-primeiro-ministro de Cabo Verde criticou esta sexta-feira a falta de mobilidade dentro do espa\u00e7o da CPLP, ao mesmo tempo que prop\u00f4s regulamenta\u00e7\u00e3o da emigra\u00e7\u00e3o dentro da comunidade, que caracterizou como uma &#8220;grande oportunidade&#8221; para todos os Estados-membros.<\/p>\n<\/div>\n<div class=\"hidden-content relative\">\n<div class=\"mx-3 mx-md-5 article-text\">\n<section class=\"article-body readthis-1603056\">&#8220;Os acordos de Bras\u00edlia [assinados em 2021] para facilita\u00e7\u00e3o da circula\u00e7\u00e3o entre os pa\u00edses da CPLP continuam, no essencial, n\u00e3o direi `letra morta`, mas de pouca utilidade; as dificuldades e restri\u00e7\u00f5es \u00e0 circula\u00e7\u00e3o de bens, servi\u00e7os e capitais mant\u00eam-se e, em alguns casos, at\u00e9 ficaram agravadas&#8221;, criticou Olavo Correia, numa apresenta\u00e7\u00e3o no Segundo F\u00f3rum de Economistas da ALECON &#8212; Associa\u00e7\u00e3o Lus\u00f3fona de Economia, que decorreu na sede da UCCLA em Lisboa.<\/p>\n<p>&#8220;Enquanto l\u00edder da CPLP e da lusofonia, quando vejo artistas, empres\u00e1rios, jovens talentosos que n\u00e3o conseguem obter um visto para circular no espa\u00e7o da CPLP, quase que mendigam para obter um visto &#8212; e n\u00f3s aqui a falar da CPLP como espa\u00e7o de liberdade &#8212; h\u00e1 aqui uma grande contradi\u00e7\u00e3o&#8221;, acrescentou o governante cabo-verdiano.<\/p>\n<p>Enquanto pol\u00edtico, disse ainda o vice-primeiro-ministro, arrancando palmas entre a audi\u00eancia, &#8220;a coisa mais grave que existe na lideran\u00e7a \u00e9 o hiato entre aquilo que n\u00f3s prometemos entregar e aquilo que entregamos. Porque matamos a confian\u00e7a. \u00c9 melhor n\u00e3o prometer. Mas quando prometemos e n\u00e3o entregamos, matamos aquilo que de mais importante existe na pol\u00edtica e na lideran\u00e7a: a confian\u00e7a. Sem confian\u00e7a n\u00e3o h\u00e1 lideran\u00e7a. Acabou tudo&#8221;, disse.<\/p>\n<p>&#8220;[A mobilidade] \u00e9 fundamental para que os talentos na CPLP possam movimentar-se, possam criar valor, para os nossos pa\u00edses em concreto e na comunidade em conjunto&#8221;, defendeu.<\/p>\n<p>&#8220;O meu apelo \u00e9 mobilidade, mobilidade, mobilidade. \u00c9 a pedra angular para a constru\u00e7\u00e3o de qualquer projeto conjunto ao n\u00edvel da lusofonia e da CPLP. Queremos uma CPLP plena, sem limites nem fronteiras, uma CPLP sem truques legislativos&#8221;, afirmou.<\/p>\n<p>Olavo Correia sublinhou que Cabo Verde, com 500 mil habitantes, recebe por ano hoje mais de um milh\u00e3o de turistas europeus e quer chegar aos 2 milh\u00f5es.<\/p>\n<p>&#8220;Temos mais europeus em Cabo Verde do que cabo-verdianos em Cabo Verde. Ent\u00e3o este pa\u00eds, que \u00e9 Cabo Verde, n\u00e3o merece, no m\u00ednimo, a reciprocidade? Merece vivenciar aquilo que estamos a vivenciar?&#8221;, questionou.<\/p>\n<p>A mobilidade constitui, por outro lado, uma oportunidade e n\u00e3o um problema, segundo o governante, e um dos instrumentos pode ser a cria\u00e7\u00e3o de institui\u00e7\u00f5es de forma\u00e7\u00e3o com dupla certifica\u00e7\u00e3o no \u00e2mbito da CPLP &#8220;para se regular o problema da emigra\u00e7\u00e3o&#8221;.<\/p>\n<p>&#8220;Temos na CPLP uma grande oportunidade ao n\u00edvel da emigra\u00e7\u00e3o, que \u00e9 formar jovens nos nossos pa\u00edses, que podem trabalhar na Uni\u00e3o Europeia, tendo em conta o perfil demogr\u00e1fico dos nossos pa\u00edses, mas olhamos para isso como um grande problema e um grande drama&#8221;, afirmou.<\/p>\n<p>&#8220;Se isso for planeado, se for regulado, \u00e9 uma oportunidade para os nossos pa\u00edses e tamb\u00e9m para Portugal e os demais pa\u00edses europeus&#8221;, refor\u00e7ou.<\/p>\n<p>&#8220;Porque \u00e9 que n\u00e3o somos capazes de formar centros de excel\u00eancia com dupla certifica\u00e7\u00e3o para formar jovens para trabalharem nos nossos pa\u00edses e nas demais geografias a n\u00edvel da UE e dos Estados Unidos?&#8221;, deixou no ar Olavo Correia.<\/p>\n<p>Fundada em 1996, a CPLP integra atualmente nove pa\u00edses &#8211; Angola, Brasil, Cabo-Verde, Guin\u00e9-Bissau, Guin\u00e9-Equatorial, Mo\u00e7ambique, Portugal, S\u00e3o Tom\u00e9 e Pr\u00edncipe e Timor-Leste.<\/p>\n<\/section>\n<\/div>\n<\/div>\n","protected":false},"excerpt":{"rendered":"<p>O vice-primeiro-ministro de Cabo Verde criticou esta sexta-feira a falta de mobilidade dentro do espa\u00e7o da CPLP, ao mesmo tempo que prop\u00f4s regulamenta\u00e7\u00e3o da emigra\u00e7\u00e3o dentro da comunidade, que caracterizou como uma &#8220;grande oportunidade&#8221; para todos os Estados-membros. &#8220;Os acordos de Bras\u00edlia [assinados em 2021] para facilita\u00e7\u00e3o da circula\u00e7\u00e3o entre ...<\/p>\n","protected":false},"author":10,"featured_media":156838,"comment_status":"closed","ping_status":"closed","sticky":false,"template":"","format":"standard","meta":[],"categories":[142,121,163],"tags":[],"_links":{"self":[{"href":"https:\/\/rna.ao\/rna.ao\/wp-json\/wp\/v2\/posts\/156837"}],"collection":[{"href":"https:\/\/rna.ao\/rna.ao\/wp-json\/wp\/v2\/posts"}],"about":[{"href":"https:\/\/rna.ao\/rna.ao\/wp-json\/wp\/v2\/types\/post"}],"author":[{"embeddable":true,"href":"https:\/\/rna.ao\/rna.ao\/wp-json\/wp\/v2\/users\/10"}],"replies":[{"embeddable":true,"href":"https:\/\/rna.ao\/rna.ao\/wp-json\/wp\/v2\/comments?post=156837"}],"version-history":[{"count":1,"href":"https:\/\/rna.ao\/rna.ao\/wp-json\/wp\/v2\/posts\/156837\/revisions"}],"predecessor-version":[{"id":156839,"href":"https:\/\/rna.ao\/rna.ao\/wp-json\/wp\/v2\/posts\/156837\/revisions\/156839"}],"wp:featuredmedia":[{"embeddable":true,"href":"https:\/\/rna.ao\/rna.ao\/wp-json\/wp\/v2\/media\/156838"}],"wp:attachment":[{"href":"https:\/\/rna.ao\/rna.ao\/wp-json\/wp\/v2\/media?parent=156837"}],"wp:term":[{"taxonomy":"category","embeddable":true,"href":"https:\/\/rna.ao\/rna.ao\/wp-json\/wp\/v2\/categories?post=156837"},{"taxonomy":"post_tag","embeddable":true,"href":"https:\/\/rna.ao\/rna.ao\/wp-json\/wp\/v2\/tags?post=156837"}],"curies":[{"name":"wp","href":"https:\/\/api.w.org\/{rel}","templated":true}]}}