{"id":155531,"date":"2024-09-13T08:00:47","date_gmt":"2024-09-13T07:00:47","guid":{"rendered":"https:\/\/rna.ao\/rna.ao\/?p=155531"},"modified":"2024-09-13T00:31:51","modified_gmt":"2024-09-12T23:31:51","slug":"zimbabwe-pretende-partilhar-experiencia-com-angola-na-producao-de-cereais","status":"publish","type":"post","link":"https:\/\/rna.ao\/rna.ao\/2024\/09\/13\/zimbabwe-pretende-partilhar-experiencia-com-angola-na-producao-de-cereais\/","title":{"rendered":"Zimbabwe pretende partilhar experi\u00eancia com Angola na produ\u00e7\u00e3o de cereais"},"content":{"rendered":"<p><img loading=\"lazy\" class=\"alignnone size-full wp-image-155532\" src=\"https:\/\/rna.ao\/rna.ao\/wp-content\/uploads\/2024\/09\/IMG_5301.jpeg\" alt=\"\" width=\"626\" height=\"371\" \/>O Zimbabwe quer partilhar experi\u00eancia com Angola na produ\u00e7\u00e3o de cereais.<\/p>\n<p>O dado foi avan\u00e7ado esta quinta-feira, pelo Embaixador do Zimbabwe em Angola que trabalha no Cuanza-Sul.<\/p>\n<p>Na provincia dirigida por Mara Quiosa, o diplomata africano diz ter constatado potencialidades agr\u00edcolas para investimentos, e o turismo \u00e9 outra cadeia interessante para neg\u00f3cios do Zimbabwe. Jornalista Alo\u00edsio Eduardo. Clique no \u00e1udio e ou\u00e7a:<\/p>\n\t<div class=\"qtmplayer-playlist-large\">\n\t\t<ul class=\"qtmplayer-playlist\">\n\t\t\t\n\t\t\t\t\t<li class=\"qtmplayer-trackitem\">\n\t\t<img src=\"https:\/\/rna.ao\/rna.ao\/wp-content\/uploads\/2024\/09\/IMG_5302-100x100.jpeg\" alt=\"cover\">\t\t<span \t\t\tdata-qtmplayer-cover=\"https:\/\/rna.ao\/rna.ao\/wp-content\/uploads\/2024\/09\/IMG_5302-370x370.jpeg\"\n\t\t\t\t\t\tdata-qtmplayer-file=\"https:\/\/rna.ao\/rna.ao\/wp-content\/uploads\/2024\/09\/CUANZA-SUL-ZIMBABWE-20-HRS.mp3\"\n\t\t\t\t\t\tdata-qtmplayer-title=\"Zimbabwe pretende partilhar experi\u00eancia com Angola na produ\u00e7\u00e3o de cereais\"\n\t\t\t\t\t\tdata-qtmplayer-artist=\"Juliana Nunes\"\n\t\t\t\t\t\tdata-qtmplayer-link=\"https:\/\/rna.ao\/rna.ao\/2024\/09\/13\/zimbabwe-pretende-partilhar-experiencia-com-angola-na-producao-de-cereais\/\"\n\t\t\t\t\t\tdata-qtmplayer-icon=\"file_download\"\n\t\t\t\t\t\tdata-qtmplayer-type=\"track\"\n\t\t\t class=\"qtmplayer-play qtmplayer-link-sec qtmplayer-play-btn\"><i class='material-icons'>play_arrow<\/i><\/span>\n\t\t<p>\n\t\t\t<span class=\"qtmplayer-tit\">Zimbabwe pretende partilhar experi\u00eancia com Angola na produ\u00e7\u00e3o de cereais<\/span>\n\t\t\t<span class=\"qtmplayer-art\">Juliana Nunes<\/span>\n\t\t<\/p>\n\t<\/li>\n\t\t<\/ul>\n\t<\/div>\t\t\t\n\t\n","protected":false},"excerpt":{"rendered":"<p>O Zimbabwe quer partilhar experi\u00eancia com Angola na produ\u00e7\u00e3o de cereais. O dado foi avan\u00e7ado esta quinta-feira, pelo Embaixador do Zimbabwe em Angola que trabalha no Cuanza-Sul. Na provincia dirigida por Mara Quiosa, o diplomata africano diz ter constatado potencialidades agr\u00edcolas para investimentos, e o turismo \u00e9 outra cadeia interessante ...<\/p>\n","protected":false},"author":16,"featured_media":155534,"comment_status":"closed","ping_status":"closed","sticky":false,"template":"","format":"standard","meta":[],"categories":[142,121,163],"tags":[],"_links":{"self":[{"href":"https:\/\/rna.ao\/rna.ao\/wp-json\/wp\/v2\/posts\/155531"}],"collection":[{"href":"https:\/\/rna.ao\/rna.ao\/wp-json\/wp\/v2\/posts"}],"about":[{"href":"https:\/\/rna.ao\/rna.ao\/wp-json\/wp\/v2\/types\/post"}],"author":[{"embeddable":true,"href":"https:\/\/rna.ao\/rna.ao\/wp-json\/wp\/v2\/users\/16"}],"replies":[{"embeddable":true,"href":"https:\/\/rna.ao\/rna.ao\/wp-json\/wp\/v2\/comments?post=155531"}],"version-history":[{"count":1,"href":"https:\/\/rna.ao\/rna.ao\/wp-json\/wp\/v2\/posts\/155531\/revisions"}],"predecessor-version":[{"id":155535,"href":"https:\/\/rna.ao\/rna.ao\/wp-json\/wp\/v2\/posts\/155531\/revisions\/155535"}],"wp:featuredmedia":[{"embeddable":true,"href":"https:\/\/rna.ao\/rna.ao\/wp-json\/wp\/v2\/media\/155534"}],"wp:attachment":[{"href":"https:\/\/rna.ao\/rna.ao\/wp-json\/wp\/v2\/media?parent=155531"}],"wp:term":[{"taxonomy":"category","embeddable":true,"href":"https:\/\/rna.ao\/rna.ao\/wp-json\/wp\/v2\/categories?post=155531"},{"taxonomy":"post_tag","embeddable":true,"href":"https:\/\/rna.ao\/rna.ao\/wp-json\/wp\/v2\/tags?post=155531"}],"curies":[{"name":"wp","href":"https:\/\/api.w.org\/{rel}","templated":true}]}}