{"id":154714,"date":"2024-09-05T12:32:51","date_gmt":"2024-09-05T11:32:51","guid":{"rendered":"https:\/\/rna.ao\/rna.ao\/?p=154714"},"modified":"2024-09-05T12:32:51","modified_gmt":"2024-09-05T11:32:51","slug":"angola-presente-no-forum-urbano-de-africa","status":"publish","type":"post","link":"https:\/\/rna.ao\/rna.ao\/2024\/09\/05\/angola-presente-no-forum-urbano-de-africa\/","title":{"rendered":"Angola presente no F\u00f3rum Urbano de \u00c1frica"},"content":{"rendered":"<p><img loading=\"lazy\" class=\"size-full wp-image-154716 aligncenter\" src=\"https:\/\/rna.ao\/rna.ao\/wp-content\/uploads\/2024\/09\/Addis-Abeba-na-Etiopia-o-Forum-Urbano-de-Africa.jpg\" alt=\"\" width=\"310\" height=\"178\" \/>Decorre desde esta quarta-feira (04) em Addis Abeba, na Eti\u00f3pia, o F\u00f3rum Urbano de \u00c1frica. Angola est\u00e1 representada no evento pelo Embaixador de Angola na Eti\u00f3pia e Representante Permanente junto da Uni\u00e3o Africana e da Comiss\u00e3o Econ\u00f3mica das Na\u00e7\u00f5es Unidas para \u00c1frica, Miguel C\u00e9sar Domingos Bembe. Ou\u00e7a, no \u00e1udio abaixo, toda informa\u00e7\u00e3o com a reportagem da Teresa Bai\u00e3o:<\/p>\n\t<div class=\"qtmplayer-playlist-large\">\n\t\t<ul class=\"qtmplayer-playlist\">\n\t\t\t\n\t\t\t\t\t<li class=\"qtmplayer-trackitem\">\n\t\t<img src=\"https:\/\/rna.ao\/rna.ao\/wp-content\/uploads\/2024\/09\/Addis-Abeba-na-Etiopia-o-Forum-Urbano-de-Africa-100x100.jpg\" alt=\"cover\">\t\t<span \t\t\tdata-qtmplayer-cover=\"https:\/\/rna.ao\/rna.ao\/wp-content\/uploads\/2024\/09\/Addis-Abeba-na-Etiopia-o-Forum-Urbano-de-Africa.jpg\"\n\t\t\t\t\t\tdata-qtmplayer-file=\"https:\/\/rna.ao\/rna.ao\/wp-content\/uploads\/2024\/09\/TERESA-BAIO-20H.mp3\"\n\t\t\t\t\t\tdata-qtmplayer-title=\"Angola presente no F\u00f3rum Urbano de \u00c1frica\"\n\t\t\t\t\t\tdata-qtmplayer-artist=\"Jo\u00e3o Augusto\"\n\t\t\t\t\t\tdata-qtmplayer-link=\"https:\/\/rna.ao\/rna.ao\/2024\/09\/05\/angola-presente-no-forum-urbano-de-africa\/\"\n\t\t\t\t\t\tdata-qtmplayer-icon=\"file_download\"\n\t\t\t\t\t\tdata-qtmplayer-type=\"track\"\n\t\t\t class=\"qtmplayer-play qtmplayer-link-sec qtmplayer-play-btn\"><i class='material-icons'>play_arrow<\/i><\/span>\n\t\t<p>\n\t\t\t<span class=\"qtmplayer-tit\">Angola presente no F\u00f3rum Urbano de \u00c1frica<\/span>\n\t\t\t<span class=\"qtmplayer-art\">Jo\u00e3o Augusto<\/span>\n\t\t<\/p>\n\t<\/li>\n\t\t<\/ul>\n\t<\/div>\t\t\t\n\t\n","protected":false},"excerpt":{"rendered":"<p>Decorre desde esta quarta-feira (04) em Addis Abeba, na Eti\u00f3pia, o F\u00f3rum Urbano de \u00c1frica. Angola est\u00e1 representada no evento pelo Embaixador de Angola na Eti\u00f3pia e Representante Permanente junto da Uni\u00e3o Africana e da Comiss\u00e3o Econ\u00f3mica das Na\u00e7\u00f5es Unidas para \u00c1frica, Miguel C\u00e9sar Domingos Bembe. Ou\u00e7a, no \u00e1udio abaixo, ...<\/p>\n","protected":false},"author":15,"featured_media":154716,"comment_status":"closed","ping_status":"closed","sticky":false,"template":"","format":"standard","meta":[],"categories":[142,121,163],"tags":[],"_links":{"self":[{"href":"https:\/\/rna.ao\/rna.ao\/wp-json\/wp\/v2\/posts\/154714"}],"collection":[{"href":"https:\/\/rna.ao\/rna.ao\/wp-json\/wp\/v2\/posts"}],"about":[{"href":"https:\/\/rna.ao\/rna.ao\/wp-json\/wp\/v2\/types\/post"}],"author":[{"embeddable":true,"href":"https:\/\/rna.ao\/rna.ao\/wp-json\/wp\/v2\/users\/15"}],"replies":[{"embeddable":true,"href":"https:\/\/rna.ao\/rna.ao\/wp-json\/wp\/v2\/comments?post=154714"}],"version-history":[{"count":2,"href":"https:\/\/rna.ao\/rna.ao\/wp-json\/wp\/v2\/posts\/154714\/revisions"}],"predecessor-version":[{"id":154718,"href":"https:\/\/rna.ao\/rna.ao\/wp-json\/wp\/v2\/posts\/154714\/revisions\/154718"}],"wp:featuredmedia":[{"embeddable":true,"href":"https:\/\/rna.ao\/rna.ao\/wp-json\/wp\/v2\/media\/154716"}],"wp:attachment":[{"href":"https:\/\/rna.ao\/rna.ao\/wp-json\/wp\/v2\/media?parent=154714"}],"wp:term":[{"taxonomy":"category","embeddable":true,"href":"https:\/\/rna.ao\/rna.ao\/wp-json\/wp\/v2\/categories?post=154714"},{"taxonomy":"post_tag","embeddable":true,"href":"https:\/\/rna.ao\/rna.ao\/wp-json\/wp\/v2\/tags?post=154714"}],"curies":[{"name":"wp","href":"https:\/\/api.w.org\/{rel}","templated":true}]}}