{"id":154680,"date":"2024-09-05T11:24:59","date_gmt":"2024-09-05T10:24:59","guid":{"rendered":"https:\/\/rna.ao\/rna.ao\/?p=154680"},"modified":"2024-09-05T11:25:58","modified_gmt":"2024-09-05T10:25:58","slug":"governo-de-benguela-rescinde-contratos-com-empresas-construtoras-que-nao-cumpriram-com-os-prazos-estabelecidos-para-a-conclusao-das-obras","status":"publish","type":"post","link":"https:\/\/rna.ao\/rna.ao\/2024\/09\/05\/governo-de-benguela-rescinde-contratos-com-empresas-construtoras-que-nao-cumpriram-com-os-prazos-estabelecidos-para-a-conclusao-das-obras\/","title":{"rendered":"Governo de Benguela rescinde contratos com empresas construtoras que n\u00e3o cumpriram com os prazos estabelecidos para a conclus\u00e3o das obras"},"content":{"rendered":"<p><img loading=\"lazy\" class=\"size-full wp-image-154683 aligncenter\" src=\"https:\/\/rna.ao\/rna.ao\/wp-content\/uploads\/2024\/09\/Governo-de-benguela.jpg\" alt=\"\" width=\"276\" height=\"183\" \/>O Governo da Prov\u00edncia de Benguela, decidiu rescindir contratos firmados com as empresas, que n\u00e3o cumpriram com os prazos estabelecidos para a conclus\u00e3o das obras. A informa\u00e7\u00e3o foi avan\u00e7ada pelo Director do Gabinete de Estudos e Projecto, Miguel Lesoto. Clique, no \u00e1udio abaixo, e saiba mais com o jornalista Ananias Bento:<\/p>\n\t<div class=\"qtmplayer-playlist-large\">\n\t\t<ul class=\"qtmplayer-playlist\">\n\t\t\t\n\t\t\t\t\t<li class=\"qtmplayer-trackitem\">\n\t\t<img src=\"https:\/\/rna.ao\/rna.ao\/wp-content\/uploads\/2024\/09\/Governo-de-benguela-100x100.jpg\" alt=\"cover\">\t\t<span \t\t\tdata-qtmplayer-cover=\"https:\/\/rna.ao\/rna.ao\/wp-content\/uploads\/2024\/09\/Governo-de-benguela.jpg\"\n\t\t\t\t\t\tdata-qtmplayer-file=\"https:\/\/rna.ao\/rna.ao\/wp-content\/uploads\/2024\/09\/BENGUELA-GOVERNO-CONTRATOS-07HRS.mp3\"\n\t\t\t\t\t\tdata-qtmplayer-title=\"Governo de Benguela rescinde contratos com empresas construtoras que n\u00e3o cumpriram com os prazos estabelecidos para a conclus\u00e3o das obras\"\n\t\t\t\t\t\tdata-qtmplayer-artist=\"Jo\u00e3o Augusto\"\n\t\t\t\t\t\tdata-qtmplayer-link=\"https:\/\/rna.ao\/rna.ao\/2024\/09\/05\/governo-de-benguela-rescinde-contratos-com-empresas-construtoras-que-nao-cumpriram-com-os-prazos-estabelecidos-para-a-conclusao-das-obras\/\"\n\t\t\t\t\t\tdata-qtmplayer-icon=\"file_download\"\n\t\t\t\t\t\tdata-qtmplayer-type=\"track\"\n\t\t\t class=\"qtmplayer-play qtmplayer-link-sec qtmplayer-play-btn\"><i class='material-icons'>play_arrow<\/i><\/span>\n\t\t<p>\n\t\t\t<span class=\"qtmplayer-tit\">Governo de Benguela rescinde contratos com empresas construtoras que n\u00e3o cumpriram com os prazos estabelecidos para a conclus\u00e3o das obras<\/span>\n\t\t\t<span class=\"qtmplayer-art\">Jo\u00e3o Augusto<\/span>\n\t\t<\/p>\n\t<\/li>\n\t\t<\/ul>\n\t<\/div>\t\t\t\n\t\n","protected":false},"excerpt":{"rendered":"<p>O Governo da Prov\u00edncia de Benguela, decidiu rescindir contratos firmados com as empresas, que n\u00e3o cumpriram com os prazos estabelecidos para a conclus\u00e3o das obras. A informa\u00e7\u00e3o foi avan\u00e7ada pelo Director do Gabinete de Estudos e Projecto, Miguel Lesoto. Clique, no \u00e1udio abaixo, e saiba mais com o jornalista Ananias ...<\/p>\n","protected":false},"author":15,"featured_media":154683,"comment_status":"closed","ping_status":"closed","sticky":false,"template":"","format":"standard","meta":[],"categories":[142,121,163],"tags":[],"_links":{"self":[{"href":"https:\/\/rna.ao\/rna.ao\/wp-json\/wp\/v2\/posts\/154680"}],"collection":[{"href":"https:\/\/rna.ao\/rna.ao\/wp-json\/wp\/v2\/posts"}],"about":[{"href":"https:\/\/rna.ao\/rna.ao\/wp-json\/wp\/v2\/types\/post"}],"author":[{"embeddable":true,"href":"https:\/\/rna.ao\/rna.ao\/wp-json\/wp\/v2\/users\/15"}],"replies":[{"embeddable":true,"href":"https:\/\/rna.ao\/rna.ao\/wp-json\/wp\/v2\/comments?post=154680"}],"version-history":[{"count":2,"href":"https:\/\/rna.ao\/rna.ao\/wp-json\/wp\/v2\/posts\/154680\/revisions"}],"predecessor-version":[{"id":154685,"href":"https:\/\/rna.ao\/rna.ao\/wp-json\/wp\/v2\/posts\/154680\/revisions\/154685"}],"wp:featuredmedia":[{"embeddable":true,"href":"https:\/\/rna.ao\/rna.ao\/wp-json\/wp\/v2\/media\/154683"}],"wp:attachment":[{"href":"https:\/\/rna.ao\/rna.ao\/wp-json\/wp\/v2\/media?parent=154680"}],"wp:term":[{"taxonomy":"category","embeddable":true,"href":"https:\/\/rna.ao\/rna.ao\/wp-json\/wp\/v2\/categories?post=154680"},{"taxonomy":"post_tag","embeddable":true,"href":"https:\/\/rna.ao\/rna.ao\/wp-json\/wp\/v2\/tags?post=154680"}],"curies":[{"name":"wp","href":"https:\/\/api.w.org\/{rel}","templated":true}]}}