{"id":154670,"date":"2024-09-05T11:09:22","date_gmt":"2024-09-05T10:09:22","guid":{"rendered":"https:\/\/rna.ao\/rna.ao\/?p=154670"},"modified":"2024-09-05T11:09:22","modified_gmt":"2024-09-05T10:09:22","slug":"governadora-do-bie-eleva-a-bandeira-para-a-reducao-do-numero-de-criancas-fora-do-sistema-de-ensino","status":"publish","type":"post","link":"https:\/\/rna.ao\/rna.ao\/2024\/09\/05\/governadora-do-bie-eleva-a-bandeira-para-a-reducao-do-numero-de-criancas-fora-do-sistema-de-ensino\/","title":{"rendered":"Governadora do Bi\u00e9 eleva a bandeira para a redu\u00e7\u00e3o do n\u00famero de crian\u00e7as fora do sistema de ensino"},"content":{"rendered":"<p><img loading=\"lazy\" class=\"wp-image-154023 aligncenter\" src=\"https:\/\/rna.ao\/rna.ao\/wp-content\/uploads\/2024\/08\/aluno-ano-lectivo.jpg\" alt=\"\" width=\"337\" height=\"189\" \/>A Governadora da Prov\u00edncia do Bi\u00e9, tem como objectivo a redu\u00e7\u00e3o do n\u00famero de crian\u00e7as fora do sistema de ensino durante o seu mandato. Para atingir a meta durante, a Governadora Celeste Adolfo conta com o apoio dos pais e encarregados de educa\u00e7\u00e3o. Saiba mais dados, no \u00e1udio abaixo, com a rep\u00f3rter Julina Mango:<\/p>\n\t<div class=\"qtmplayer-playlist-large\">\n\t\t<ul class=\"qtmplayer-playlist\">\n\t\t\t\n\t\t\t\t\t<li class=\"qtmplayer-trackitem\">\n\t\t<img src=\"https:\/\/rna.ao\/rna.ao\/wp-content\/uploads\/2024\/07\/celeste-elavoco-100x100.jpg\" alt=\"cover\">\t\t<span \t\t\tdata-qtmplayer-cover=\"https:\/\/rna.ao\/rna.ao\/wp-content\/uploads\/2024\/07\/celeste-elavoco.jpg\"\n\t\t\t\t\t\tdata-qtmplayer-file=\"https:\/\/rna.ao\/rna.ao\/wp-content\/uploads\/2024\/09\/BIE-GOVERNADORA-07HRS.mp3\"\n\t\t\t\t\t\tdata-qtmplayer-title=\"Governadora do Bi\u00e9 eleva a bandeira para a redu\u00e7\u00e3o do n\u00famero de crian\u00e7as fora do sistema de ensino\"\n\t\t\t\t\t\tdata-qtmplayer-artist=\"Jo\u00e3o Augusto\"\n\t\t\t\t\t\tdata-qtmplayer-link=\"https:\/\/rna.ao\/rna.ao\/2024\/09\/05\/governadora-do-bie-eleva-a-bandeira-para-a-reducao-do-numero-de-criancas-fora-do-sistema-de-ensino\/\"\n\t\t\t\t\t\tdata-qtmplayer-icon=\"file_download\"\n\t\t\t\t\t\tdata-qtmplayer-type=\"track\"\n\t\t\t class=\"qtmplayer-play qtmplayer-link-sec qtmplayer-play-btn\"><i class='material-icons'>play_arrow<\/i><\/span>\n\t\t<p>\n\t\t\t<span class=\"qtmplayer-tit\">Governadora do Bi\u00e9 eleva a bandeira para a redu\u00e7\u00e3o do n\u00famero de crian\u00e7as fora do sistema de ensino<\/span>\n\t\t\t<span class=\"qtmplayer-art\">Jo\u00e3o Augusto<\/span>\n\t\t<\/p>\n\t<\/li>\n\t\t<\/ul>\n\t<\/div>\t\t\t\n\t\n","protected":false},"excerpt":{"rendered":"<p>A Governadora da Prov\u00edncia do Bi\u00e9, tem como objectivo a redu\u00e7\u00e3o do n\u00famero de crian\u00e7as fora do sistema de ensino durante o seu mandato. Para atingir a meta durante, a Governadora Celeste Adolfo conta com o apoio dos pais e encarregados de educa\u00e7\u00e3o. Saiba mais dados, no \u00e1udio abaixo, com ...<\/p>\n","protected":false},"author":15,"featured_media":148985,"comment_status":"closed","ping_status":"closed","sticky":false,"template":"","format":"standard","meta":[],"categories":[142,121,163],"tags":[],"_links":{"self":[{"href":"https:\/\/rna.ao\/rna.ao\/wp-json\/wp\/v2\/posts\/154670"}],"collection":[{"href":"https:\/\/rna.ao\/rna.ao\/wp-json\/wp\/v2\/posts"}],"about":[{"href":"https:\/\/rna.ao\/rna.ao\/wp-json\/wp\/v2\/types\/post"}],"author":[{"embeddable":true,"href":"https:\/\/rna.ao\/rna.ao\/wp-json\/wp\/v2\/users\/15"}],"replies":[{"embeddable":true,"href":"https:\/\/rna.ao\/rna.ao\/wp-json\/wp\/v2\/comments?post=154670"}],"version-history":[{"count":1,"href":"https:\/\/rna.ao\/rna.ao\/wp-json\/wp\/v2\/posts\/154670\/revisions"}],"predecessor-version":[{"id":154672,"href":"https:\/\/rna.ao\/rna.ao\/wp-json\/wp\/v2\/posts\/154670\/revisions\/154672"}],"wp:featuredmedia":[{"embeddable":true,"href":"https:\/\/rna.ao\/rna.ao\/wp-json\/wp\/v2\/media\/148985"}],"wp:attachment":[{"href":"https:\/\/rna.ao\/rna.ao\/wp-json\/wp\/v2\/media?parent=154670"}],"wp:term":[{"taxonomy":"category","embeddable":true,"href":"https:\/\/rna.ao\/rna.ao\/wp-json\/wp\/v2\/categories?post=154670"},{"taxonomy":"post_tag","embeddable":true,"href":"https:\/\/rna.ao\/rna.ao\/wp-json\/wp\/v2\/tags?post=154670"}],"curies":[{"name":"wp","href":"https:\/\/api.w.org\/{rel}","templated":true}]}}