{"id":15031,"date":"2021-01-14T09:27:03","date_gmt":"2021-01-14T08:27:03","guid":{"rendered":"https:\/\/rna.ao\/rna.ao\/?p=15031"},"modified":"2021-01-14T09:27:03","modified_gmt":"2021-01-14T08:27:03","slug":"la-reprise-des-cours-a-lenseignement-primaire-est-une-excellente-nouvelle","status":"publish","type":"post","link":"https:\/\/rna.ao\/rna.ao\/2021\/01\/14\/la-reprise-des-cours-a-lenseignement-primaire-est-une-excellente-nouvelle\/","title":{"rendered":"La reprise des cours \u00e0 l\u2019enseignement primaire est une excellente nouvelle."},"content":{"rendered":"<p>La reprise des cours \u00e0 l\u2019enseignement primaire est une excellente nouvelle qui nous soulage,parceque nos enfants sont rest\u00e9s pendant tr\u00e8s longtemps \u00e0 la maison.<\/p>\n<p>C\u2019est vrai que les parents ont \u00e9t\u00e9 sensibilis\u00e9 pour trouver des moyens d\u2019accompagner nos enfants par t\u00e9l\u00e9cours, mais la pr\u00e9sence dans la salle de classe avec le professeur a toujours un effet d\u2019accompagnement beaucoup plus efficace, a soulign\u00e9 le sociologue, Joao Baptista Lukombo.<\/p>\n\t<div class=\"qtmplayer-playlist-large\">\n\t\t<ul class=\"qtmplayer-playlist\">\n\t\t\t\n\t\t\t\t\t<li class=\"qtmplayer-trackitem\">\n\t\t<img src=\"https:\/\/rna.ao\/rna.ao\/wp-content\/uploads\/2020\/10\/Joao-baptista-Lucombo-100x100.jpg\" alt=\"cover\">\t\t<span \t\t\tdata-qtmplayer-cover=\"https:\/\/rna.ao\/rna.ao\/wp-content\/uploads\/2020\/10\/Joao-baptista-Lucombo-370x370.jpg\"\n\t\t\t\t\t\tdata-qtmplayer-file=\"https:\/\/rna.ao\/rna.ao\/wp-content\/uploads\/2021\/01\/JB_LUKOMBO-.mp3\"\n\t\t\t\t\t\tdata-qtmplayer-title=\"La reprise des cours \u00e0 l\u2019enseignement primaire est une excellente nouvelle.\"\n\t\t\t\t\t\tdata-qtmplayer-artist=\"RNA\"\n\t\t\t\t\t\tdata-qtmplayer-link=\"https:\/\/rna.ao\/rna.ao\/2021\/01\/14\/la-reprise-des-cours-a-lenseignement-primaire-est-une-excellente-nouvelle\/\"\n\t\t\t\t\t\tdata-qtmplayer-icon=\"file_download\"\n\t\t\t\t\t\tdata-qtmplayer-type=\"track\"\n\t\t\t class=\"qtmplayer-play qtmplayer-link-sec qtmplayer-play-btn\"><i class='material-icons'>play_arrow<\/i><\/span>\n\t\t<p>\n\t\t\t<span class=\"qtmplayer-tit\">La reprise des cours \u00e0 l\u2019enseignement primaire est une excellente nouvelle.<\/span>\n\t\t\t<span class=\"qtmplayer-art\">RNA<\/span>\n\t\t<\/p>\n\t<\/li>\n\t\t<\/ul>\n\t<\/div>\t\t\t\n\t\n","protected":false},"excerpt":{"rendered":"<p>La reprise des cours \u00e0 l\u2019enseignement primaire est une excellente nouvelle qui nous soulage,parceque nos enfants sont rest\u00e9s pendant tr\u00e8s longtemps \u00e0 la maison. C\u2019est vrai que les parents ont \u00e9t\u00e9 sensibilis\u00e9 pour trouver des moyens d\u2019accompagner nos enfants par t\u00e9l\u00e9cours, mais la pr\u00e9sence dans la salle de classe avec ...<\/p>\n","protected":false},"author":8,"featured_media":9155,"comment_status":"closed","ping_status":"closed","sticky":false,"template":"","format":"standard","meta":[],"categories":[143,137],"tags":[],"_links":{"self":[{"href":"https:\/\/rna.ao\/rna.ao\/wp-json\/wp\/v2\/posts\/15031"}],"collection":[{"href":"https:\/\/rna.ao\/rna.ao\/wp-json\/wp\/v2\/posts"}],"about":[{"href":"https:\/\/rna.ao\/rna.ao\/wp-json\/wp\/v2\/types\/post"}],"author":[{"embeddable":true,"href":"https:\/\/rna.ao\/rna.ao\/wp-json\/wp\/v2\/users\/8"}],"replies":[{"embeddable":true,"href":"https:\/\/rna.ao\/rna.ao\/wp-json\/wp\/v2\/comments?post=15031"}],"version-history":[{"count":1,"href":"https:\/\/rna.ao\/rna.ao\/wp-json\/wp\/v2\/posts\/15031\/revisions"}],"predecessor-version":[{"id":15034,"href":"https:\/\/rna.ao\/rna.ao\/wp-json\/wp\/v2\/posts\/15031\/revisions\/15034"}],"wp:featuredmedia":[{"embeddable":true,"href":"https:\/\/rna.ao\/rna.ao\/wp-json\/wp\/v2\/media\/9155"}],"wp:attachment":[{"href":"https:\/\/rna.ao\/rna.ao\/wp-json\/wp\/v2\/media?parent=15031"}],"wp:term":[{"taxonomy":"category","embeddable":true,"href":"https:\/\/rna.ao\/rna.ao\/wp-json\/wp\/v2\/categories?post=15031"},{"taxonomy":"post_tag","embeddable":true,"href":"https:\/\/rna.ao\/rna.ao\/wp-json\/wp\/v2\/tags?post=15031"}],"curies":[{"name":"wp","href":"https:\/\/api.w.org\/{rel}","templated":true}]}}