{"id":150279,"date":"2024-07-31T11:35:06","date_gmt":"2024-07-31T10:35:06","guid":{"rendered":"https:\/\/rna.ao\/rna.ao\/?p=150279"},"modified":"2024-07-31T11:35:06","modified_gmt":"2024-07-31T10:35:06","slug":"les-relations-de-cooperation-entre-langola-et-le-maroc-sont-excellentes","status":"publish","type":"post","link":"https:\/\/rna.ao\/rna.ao\/2024\/07\/31\/les-relations-de-cooperation-entre-langola-et-le-maroc-sont-excellentes\/","title":{"rendered":"Les relations de coop\u00e9ration entre l\u2019Angola et le Maroc sont excellentes"},"content":{"rendered":"<p><img loading=\"lazy\" class=\"size-full wp-image-150281 aligncenter\" src=\"https:\/\/rna.ao\/rna.ao\/wp-content\/uploads\/2024\/07\/Angola-e-Marrocos.jpg\" alt=\"\" width=\"310\" height=\"178\" \/>Les relations de coop\u00e9ration entre l\u2019Angola et le Maroc sont excellentes dans divers domaines.\u00a0C\u2019est ce qu\u2019a declar\u00e9 l\u2019ambassadeur du Maroc en Angola,Mme.Saadia-El-Alahoui,mardi 30 juillet 2024, \u00e0 l&#8217;occasion de la F\u00eate du Tr\u00f4ne, qui marque l\u2019arriv\u00e9e au pouvoir en 1999 du monarque.<\/p>\n\t<div class=\"qtmplayer-playlist-large\">\n\t\t<ul class=\"qtmplayer-playlist\">\n\t\t\t\n\t\t\t\t\t<li class=\"qtmplayer-trackitem\">\n\t\t<img src=\"https:\/\/rna.ao\/rna.ao\/wp-content\/uploads\/2024\/07\/Angola-e-Marrocos-100x100.jpg\" alt=\"cover\">\t\t<span \t\t\tdata-qtmplayer-cover=\"https:\/\/rna.ao\/rna.ao\/wp-content\/uploads\/2024\/07\/Angola-e-Marrocos.jpg\"\n\t\t\t\t\t\tdata-qtmplayer-file=\"https:\/\/rna.ao\/rna.ao\/wp-content\/uploads\/2024\/07\/AUDIOSTREAMING-30-07-24-.mp3\"\n\t\t\t\t\t\tdata-qtmplayer-title=\"Les relations de coop\u00e9ration entre l\u2019Angola et le Maroc sont excellentes\"\n\t\t\t\t\t\tdata-qtmplayer-artist=\"Jo\u00e3o Augusto\"\n\t\t\t\t\t\tdata-qtmplayer-link=\"https:\/\/rna.ao\/rna.ao\/2024\/07\/31\/les-relations-de-cooperation-entre-langola-et-le-maroc-sont-excellentes\/\"\n\t\t\t\t\t\tdata-qtmplayer-icon=\"file_download\"\n\t\t\t\t\t\tdata-qtmplayer-type=\"track\"\n\t\t\t class=\"qtmplayer-play qtmplayer-link-sec qtmplayer-play-btn\"><i class='material-icons'>play_arrow<\/i><\/span>\n\t\t<p>\n\t\t\t<span class=\"qtmplayer-tit\">Les relations de coop\u00e9ration entre l\u2019Angola et le Maroc sont excellentes<\/span>\n\t\t\t<span class=\"qtmplayer-art\">Jo\u00e3o Augusto<\/span>\n\t\t<\/p>\n\t<\/li>\n\t\t<\/ul>\n\t<\/div>\t\t\t\n\t\n","protected":false},"excerpt":{"rendered":"<p>Les relations de coop\u00e9ration entre l\u2019Angola et le Maroc sont excellentes dans divers domaines.\u00a0C\u2019est ce qu\u2019a declar\u00e9 l\u2019ambassadeur du Maroc en Angola,Mme.Saadia-El-Alahoui,mardi 30 juillet 2024, \u00e0 l&#8217;occasion de la F\u00eate du Tr\u00f4ne, qui marque l\u2019arriv\u00e9e au pouvoir en 1999 du monarque.<\/p>\n","protected":false},"author":15,"featured_media":150281,"comment_status":"closed","ping_status":"closed","sticky":false,"template":"","format":"standard","meta":[],"categories":[143,137],"tags":[],"_links":{"self":[{"href":"https:\/\/rna.ao\/rna.ao\/wp-json\/wp\/v2\/posts\/150279"}],"collection":[{"href":"https:\/\/rna.ao\/rna.ao\/wp-json\/wp\/v2\/posts"}],"about":[{"href":"https:\/\/rna.ao\/rna.ao\/wp-json\/wp\/v2\/types\/post"}],"author":[{"embeddable":true,"href":"https:\/\/rna.ao\/rna.ao\/wp-json\/wp\/v2\/users\/15"}],"replies":[{"embeddable":true,"href":"https:\/\/rna.ao\/rna.ao\/wp-json\/wp\/v2\/comments?post=150279"}],"version-history":[{"count":1,"href":"https:\/\/rna.ao\/rna.ao\/wp-json\/wp\/v2\/posts\/150279\/revisions"}],"predecessor-version":[{"id":150282,"href":"https:\/\/rna.ao\/rna.ao\/wp-json\/wp\/v2\/posts\/150279\/revisions\/150282"}],"wp:featuredmedia":[{"embeddable":true,"href":"https:\/\/rna.ao\/rna.ao\/wp-json\/wp\/v2\/media\/150281"}],"wp:attachment":[{"href":"https:\/\/rna.ao\/rna.ao\/wp-json\/wp\/v2\/media?parent=150279"}],"wp:term":[{"taxonomy":"category","embeddable":true,"href":"https:\/\/rna.ao\/rna.ao\/wp-json\/wp\/v2\/categories?post=150279"},{"taxonomy":"post_tag","embeddable":true,"href":"https:\/\/rna.ao\/rna.ao\/wp-json\/wp\/v2\/tags?post=150279"}],"curies":[{"name":"wp","href":"https:\/\/api.w.org\/{rel}","templated":true}]}}