{"id":147822,"date":"2024-07-13T12:18:13","date_gmt":"2024-07-13T11:18:13","guid":{"rendered":"https:\/\/rna.ao\/rna.ao\/?p=147822"},"modified":"2024-07-13T12:18:13","modified_gmt":"2024-07-13T11:18:13","slug":"piloto-angolano-rui-andrade-vai-disputar-amanha-prova-de-resistencia-no-brasil","status":"publish","type":"post","link":"https:\/\/rna.ao\/rna.ao\/2024\/07\/13\/piloto-angolano-rui-andrade-vai-disputar-amanha-prova-de-resistencia-no-brasil\/","title":{"rendered":"Piloto angolano Rui Andrade vai disputar amanh\u00e3 prova de resist\u00eancia no Brasil"},"content":{"rendered":"<p style=\"font-weight: 400;\"><img loading=\"lazy\" class=\"size-full wp-image-147824 aligncenter\" src=\"https:\/\/rna.ao\/rna.ao\/wp-content\/uploads\/2024\/07\/rui-andrade.jpg\" alt=\"\" width=\"320\" height=\"214\" \/>O Piloto Rui Andrade disputa amanh\u00e3, domingo, 14 de Julho\u00a0 a corrida das 6 horas de S\u00e3o Paulo o mundial de resist\u00eancia FIA \u00e0s 21:30. O piloto angolano \u00a0vinculado \u00e0 equipa do TF Sport, mostra-se confiante numa boa presta\u00e7\u00e3o na prova. Clique no \u00e1udio e ou\u00e7a:<\/p>\n\t<div class=\"qtmplayer-playlist-large\">\n\t\t<ul class=\"qtmplayer-playlist\">\n\t\t\t\n\t\t\t\t\t<li class=\"qtmplayer-trackitem\">\n\t\t<img src=\"https:\/\/rna.ao\/rna.ao\/wp-content\/uploads\/2024\/07\/rui-andrade-100x100.jpg\" alt=\"cover\">\t\t<span \t\t\tdata-qtmplayer-cover=\"https:\/\/rna.ao\/rna.ao\/wp-content\/uploads\/2024\/07\/rui-andrade.jpg\"\n\t\t\t\t\t\tdata-qtmplayer-file=\"https:\/\/rna.ao\/rna.ao\/wp-content\/uploads\/2024\/07\/7-RUI-ANDRADE-13-07-2024.mp3\"\n\t\t\t\t\t\tdata-qtmplayer-title=\"Piloto angolano Rui Andrade vai disputar amanh\u00e3 prova de resist\u00eancia no Brasil\"\n\t\t\t\t\t\tdata-qtmplayer-artist=\"Jo\u00e3o Augusto\"\n\t\t\t\t\t\tdata-qtmplayer-link=\"https:\/\/rna.ao\/rna.ao\/2024\/07\/13\/piloto-angolano-rui-andrade-vai-disputar-amanha-prova-de-resistencia-no-brasil\/\"\n\t\t\t\t\t\tdata-qtmplayer-icon=\"file_download\"\n\t\t\t\t\t\tdata-qtmplayer-type=\"track\"\n\t\t\t class=\"qtmplayer-play qtmplayer-link-sec qtmplayer-play-btn\"><i class='material-icons'>play_arrow<\/i><\/span>\n\t\t<p>\n\t\t\t<span class=\"qtmplayer-tit\">Piloto angolano Rui Andrade vai disputar amanh\u00e3 prova de resist\u00eancia no Brasil<\/span>\n\t\t\t<span class=\"qtmplayer-art\">Jo\u00e3o Augusto<\/span>\n\t\t<\/p>\n\t<\/li>\n\t\t<\/ul>\n\t<\/div>\t\t\t\n\t\n<p>E Ramiro Barreira, presidente da Federa\u00e7\u00e3o Angolana dos Desportos Motorizados, augura bom desempenho para Rui Andrade. Clique no \u00e1udio e ou\u00e7a:<\/p>\n\t<div class=\"qtmplayer-playlist-large\">\n\t\t<ul class=\"qtmplayer-playlist\">\n\t\t\t\n\t\t\t\t\t<li class=\"qtmplayer-trackitem\">\n\t\t<img src=\"https:\/\/rna.ao\/rna.ao\/wp-content\/uploads\/2024\/07\/rui-andrade-100x100.jpg\" alt=\"cover\">\t\t<span \t\t\tdata-qtmplayer-cover=\"https:\/\/rna.ao\/rna.ao\/wp-content\/uploads\/2024\/07\/rui-andrade.jpg\"\n\t\t\t\t\t\tdata-qtmplayer-file=\"https:\/\/rna.ao\/rna.ao\/wp-content\/uploads\/2024\/07\/8-RAMIRO-BARREIRA-13-07-2024.mp3\"\n\t\t\t\t\t\tdata-qtmplayer-title=\"Piloto angolano Rui Andrade vai disputar amanh\u00e3 prova de resist\u00eancia no Brasil\"\n\t\t\t\t\t\tdata-qtmplayer-artist=\"Jo\u00e3o Augusto\"\n\t\t\t\t\t\tdata-qtmplayer-link=\"https:\/\/rna.ao\/rna.ao\/2024\/07\/13\/piloto-angolano-rui-andrade-vai-disputar-amanha-prova-de-resistencia-no-brasil\/\"\n\t\t\t\t\t\tdata-qtmplayer-icon=\"file_download\"\n\t\t\t\t\t\tdata-qtmplayer-type=\"track\"\n\t\t\t class=\"qtmplayer-play qtmplayer-link-sec qtmplayer-play-btn\"><i class='material-icons'>play_arrow<\/i><\/span>\n\t\t<p>\n\t\t\t<span class=\"qtmplayer-tit\">Piloto angolano Rui Andrade vai disputar amanh\u00e3 prova de resist\u00eancia no Brasil<\/span>\n\t\t\t<span class=\"qtmplayer-art\">Jo\u00e3o Augusto<\/span>\n\t\t<\/p>\n\t<\/li>\n\t\t<\/ul>\n\t<\/div>\t\t\t\n\t\n","protected":false},"excerpt":{"rendered":"<p>O Piloto Rui Andrade disputa amanh\u00e3, domingo, 14 de Julho\u00a0 a corrida das 6 horas de S\u00e3o Paulo o mundial de resist\u00eancia FIA \u00e0s 21:30. O piloto angolano \u00a0vinculado \u00e0 equipa do TF Sport, mostra-se confiante numa boa presta\u00e7\u00e3o na prova. Clique no \u00e1udio e ou\u00e7a: E Ramiro Barreira, presidente ...<\/p>\n","protected":false},"author":15,"featured_media":147824,"comment_status":"closed","ping_status":"closed","sticky":false,"template":"","format":"standard","meta":[],"categories":[145,125,164],"tags":[],"_links":{"self":[{"href":"https:\/\/rna.ao\/rna.ao\/wp-json\/wp\/v2\/posts\/147822"}],"collection":[{"href":"https:\/\/rna.ao\/rna.ao\/wp-json\/wp\/v2\/posts"}],"about":[{"href":"https:\/\/rna.ao\/rna.ao\/wp-json\/wp\/v2\/types\/post"}],"author":[{"embeddable":true,"href":"https:\/\/rna.ao\/rna.ao\/wp-json\/wp\/v2\/users\/15"}],"replies":[{"embeddable":true,"href":"https:\/\/rna.ao\/rna.ao\/wp-json\/wp\/v2\/comments?post=147822"}],"version-history":[{"count":1,"href":"https:\/\/rna.ao\/rna.ao\/wp-json\/wp\/v2\/posts\/147822\/revisions"}],"predecessor-version":[{"id":147826,"href":"https:\/\/rna.ao\/rna.ao\/wp-json\/wp\/v2\/posts\/147822\/revisions\/147826"}],"wp:featuredmedia":[{"embeddable":true,"href":"https:\/\/rna.ao\/rna.ao\/wp-json\/wp\/v2\/media\/147824"}],"wp:attachment":[{"href":"https:\/\/rna.ao\/rna.ao\/wp-json\/wp\/v2\/media?parent=147822"}],"wp:term":[{"taxonomy":"category","embeddable":true,"href":"https:\/\/rna.ao\/rna.ao\/wp-json\/wp\/v2\/categories?post=147822"},{"taxonomy":"post_tag","embeddable":true,"href":"https:\/\/rna.ao\/rna.ao\/wp-json\/wp\/v2\/tags?post=147822"}],"curies":[{"name":"wp","href":"https:\/\/api.w.org\/{rel}","templated":true}]}}