{"id":147095,"date":"2024-07-06T14:31:37","date_gmt":"2024-07-06T13:31:37","guid":{"rendered":"https:\/\/rna.ao\/rna.ao\/?p=147095"},"modified":"2024-07-06T14:31:37","modified_gmt":"2024-07-06T13:31:37","slug":"angola-assume-este-mes-a-presidencia-do-conselho-de-paz-e-de-seguranca-da-uniao-africana","status":"publish","type":"post","link":"https:\/\/rna.ao\/rna.ao\/2024\/07\/06\/angola-assume-este-mes-a-presidencia-do-conselho-de-paz-e-de-seguranca-da-uniao-africana\/","title":{"rendered":"Angola assume este m\u00eas a presid\u00eancia do Conselho de Paz e de Seguran\u00e7a da Uni\u00e3o Africana"},"content":{"rendered":"<p><img loading=\"lazy\" class=\"alignnone  wp-image-124389\" src=\"https:\/\/rna.ao\/rna.ao\/wp-content\/uploads\/2023\/12\/sede_da_uniao_africana.jpg\" alt=\"\" width=\"395\" height=\"227\" \/>Angola assume durante este m\u00eas de Julho, a Presid\u00eancia do Conselho de Paz e Seguran\u00e7a da Uni\u00e3o Africana.<\/p>\n<p>A marcar o lan\u00e7amento dessa presid\u00eancia, a Embaixada de Angola na Eti\u00f3pia e Representante Permanente junto Uni\u00e3o Africana e da Comiss\u00e3o Econ\u00f3mica das Na\u00e7\u00f5es Unidas para \u00c1frica, promoveu duas actividades nesta sexta-feira.<\/p>\n<p>A primeira tratou-se de uma sess\u00e3o sobre a Cimeira do Futuro, a decorrer em Setembro pr\u00f3ximo, sob a \u00e9gide da ONU, e a segunda foi uma recep\u00e7\u00e3o realizada na Resid\u00eancia Oficial da Miss\u00e3o Diplom\u00e1tica angolana na Eti\u00f3pia.<\/p>\n<p>O Embaixador de Angola na Eti\u00f3pia e Representante Permanente junto Uni\u00e3o Africana e da Comiss\u00e3o Econ\u00f3mica das Na\u00e7\u00f5es Unidas para \u00c1frica, Miguel Bembe, assegurou a promo\u00e7\u00e3o de um debate sobre a prolifera\u00e7\u00e3o de mercen\u00e1rios em \u00c1frica.<\/p>\n<p>O Embaixador Miguel Bembe, anunciou tamb\u00e9m a promo\u00e7\u00e3o de debates sobre a estabilidade nos pa\u00edses com cen\u00e1rio de conflitos pol\u00edtico-militares.<\/p>\n\t<div class=\"qtmplayer-playlist-large\">\n\t\t<ul class=\"qtmplayer-playlist\">\n\t\t\t\n\t\t\t\t\t<li class=\"qtmplayer-trackitem\">\n\t\t<img src=\"https:\/\/rna.ao\/rna.ao\/wp-content\/uploads\/2023\/12\/sede_da_uniao_africana_15056602686001d7202ed4a-100x100.jpg\" alt=\"cover\">\t\t<span \t\t\tdata-qtmplayer-cover=\"https:\/\/rna.ao\/rna.ao\/wp-content\/uploads\/2023\/12\/sede_da_uniao_africana_15056602686001d7202ed4a.jpg\"\n\t\t\t\t\t\tdata-qtmplayer-file=\"https:\/\/rna.ao\/rna.ao\/wp-content\/uploads\/2024\/07\/MIGUEL-BEMBE-1-13-HRS.mp3\"\n\t\t\t\t\t\tdata-qtmplayer-title=\"Angola assume este m\u00eas a presid\u00eancia do Conselho de Paz e de Seguran\u00e7a da Uni\u00e3o Africana\"\n\t\t\t\t\t\tdata-qtmplayer-artist=\"Juliana Nunes\"\n\t\t\t\t\t\tdata-qtmplayer-link=\"https:\/\/rna.ao\/rna.ao\/2024\/07\/06\/angola-assume-este-mes-a-presidencia-do-conselho-de-paz-e-de-seguranca-da-uniao-africana\/\"\n\t\t\t\t\t\tdata-qtmplayer-icon=\"file_download\"\n\t\t\t\t\t\tdata-qtmplayer-type=\"track\"\n\t\t\t class=\"qtmplayer-play qtmplayer-link-sec qtmplayer-play-btn\"><i class='material-icons'>play_arrow<\/i><\/span>\n\t\t<p>\n\t\t\t<span class=\"qtmplayer-tit\">Angola assume este m\u00eas a presid\u00eancia do Conselho de Paz e de Seguran\u00e7a da Uni\u00e3o Africana<\/span>\n\t\t\t<span class=\"qtmplayer-art\">Juliana Nunes<\/span>\n\t\t<\/p>\n\t<\/li>\n\t\t<\/ul>\n\t<\/div>\t\t\t\n\t\n<p>&nbsp;<\/p>\n<p>J\u00e1 o especialista em Rela\u00e7\u00f5es Internacionais e analista de assuntos africanos Francisco Ramos da Cruz, diz que com mais esse momento pol\u00edtico-diplom\u00e1tico, Angola alarga a sua influ\u00eancia na resolu\u00e7\u00e3o pacifica de conflitos em \u00c1frica. Clique no \u00e1udio e ou\u00e7a:<\/p>\n\t<div class=\"qtmplayer-playlist-large\">\n\t\t<ul class=\"qtmplayer-playlist\">\n\t\t\t\n\t\t\t\t\t<li class=\"qtmplayer-trackitem\">\n\t\t<img src=\"https:\/\/rna.ao\/rna.ao\/wp-content\/uploads\/2023\/12\/sede_da_uniao_africana_15056602686001d7202ed4a-100x100.jpg\" alt=\"cover\">\t\t<span \t\t\tdata-qtmplayer-cover=\"https:\/\/rna.ao\/rna.ao\/wp-content\/uploads\/2023\/12\/sede_da_uniao_africana_15056602686001d7202ed4a.jpg\"\n\t\t\t\t\t\tdata-qtmplayer-file=\"https:\/\/rna.ao\/rna.ao\/wp-content\/uploads\/2024\/07\/FRANCISCO-RAMOS-DA-CRUZ-1-13-HRS.mp3\"\n\t\t\t\t\t\tdata-qtmplayer-title=\"Angola assume este m\u00eas a presid\u00eancia do Conselho de Paz e de Seguran\u00e7a da Uni\u00e3o Africana\"\n\t\t\t\t\t\tdata-qtmplayer-artist=\"Juliana Nunes\"\n\t\t\t\t\t\tdata-qtmplayer-link=\"https:\/\/rna.ao\/rna.ao\/2024\/07\/06\/angola-assume-este-mes-a-presidencia-do-conselho-de-paz-e-de-seguranca-da-uniao-africana\/\"\n\t\t\t\t\t\tdata-qtmplayer-icon=\"file_download\"\n\t\t\t\t\t\tdata-qtmplayer-type=\"track\"\n\t\t\t class=\"qtmplayer-play qtmplayer-link-sec qtmplayer-play-btn\"><i class='material-icons'>play_arrow<\/i><\/span>\n\t\t<p>\n\t\t\t<span class=\"qtmplayer-tit\">Angola assume este m\u00eas a presid\u00eancia do Conselho de Paz e de Seguran\u00e7a da Uni\u00e3o Africana<\/span>\n\t\t\t<span class=\"qtmplayer-art\">Juliana Nunes<\/span>\n\t\t<\/p>\n\t<\/li>\n\t\t<\/ul>\n\t<\/div>\t\t\t\n\t\n<p>&nbsp;<\/p>\n<p>O tamb\u00e9m professor universit\u00e1rio Francisco Ramos da Cruz, real\u00e7a que a presid\u00eancia angolana do Conselho de Paz e Seguran\u00e7a da Uni\u00e3o Africana, constitui mais um elemento para as grandes pot\u00eancias mundiais colocarem Angola nas suas agendas como pa\u00eds com autoridade para resolu\u00e7\u00e3o pacifica de conflitos em \u00c1frica. Clique no \u00e1udio e ou\u00e7a:<\/p>\n\t<div class=\"qtmplayer-playlist-large\">\n\t\t<ul class=\"qtmplayer-playlist\">\n\t\t\t\n\t\t\t\t\t<li class=\"qtmplayer-trackitem\">\n\t\t<img src=\"https:\/\/rna.ao\/rna.ao\/wp-content\/uploads\/2023\/12\/sede_da_uniao_africana_15056602686001d7202ed4a-100x100.jpg\" alt=\"cover\">\t\t<span \t\t\tdata-qtmplayer-cover=\"https:\/\/rna.ao\/rna.ao\/wp-content\/uploads\/2023\/12\/sede_da_uniao_africana_15056602686001d7202ed4a.jpg\"\n\t\t\t\t\t\tdata-qtmplayer-file=\"https:\/\/rna.ao\/rna.ao\/wp-content\/uploads\/2024\/07\/FRANCISCO-RAMOS-DA-CRUZ-2-13-HRS.mp3\"\n\t\t\t\t\t\tdata-qtmplayer-title=\"Angola assume este m\u00eas a presid\u00eancia do Conselho de Paz e de Seguran\u00e7a da Uni\u00e3o Africana\"\n\t\t\t\t\t\tdata-qtmplayer-artist=\"Juliana Nunes\"\n\t\t\t\t\t\tdata-qtmplayer-link=\"https:\/\/rna.ao\/rna.ao\/2024\/07\/06\/angola-assume-este-mes-a-presidencia-do-conselho-de-paz-e-de-seguranca-da-uniao-africana\/\"\n\t\t\t\t\t\tdata-qtmplayer-icon=\"file_download\"\n\t\t\t\t\t\tdata-qtmplayer-type=\"track\"\n\t\t\t class=\"qtmplayer-play qtmplayer-link-sec qtmplayer-play-btn\"><i class='material-icons'>play_arrow<\/i><\/span>\n\t\t<p>\n\t\t\t<span class=\"qtmplayer-tit\">Angola assume este m\u00eas a presid\u00eancia do Conselho de Paz e de Seguran\u00e7a da Uni\u00e3o Africana<\/span>\n\t\t\t<span class=\"qtmplayer-art\">Juliana Nunes<\/span>\n\t\t<\/p>\n\t<\/li>\n\t\t<\/ul>\n\t<\/div>\t\t\t\n\t\n<p>Francisco Ramos da Cruz saudou para j\u00e1 o facto de Angola chamar para as suas tarefas na presid\u00eancia do Conselho de Paz e Seguran\u00e7a da Uni\u00e3o Africana, a quest\u00e3o da Cimeira do Futuro a decorrer em Setembro pr\u00f3ximo, numa iniciativa das Na\u00e7\u00f5es Unidas. Clique no \u00e1udio e ou\u00e7a:<\/p>\n\t<div class=\"qtmplayer-playlist-large\">\n\t\t<ul class=\"qtmplayer-playlist\">\n\t\t\t\n\t\t\t\t\t<li class=\"qtmplayer-trackitem\">\n\t\t<img src=\"https:\/\/rna.ao\/rna.ao\/wp-content\/uploads\/2023\/12\/sede_da_uniao_africana_15056602686001d7202ed4a-100x100.jpg\" alt=\"cover\">\t\t<span \t\t\tdata-qtmplayer-cover=\"https:\/\/rna.ao\/rna.ao\/wp-content\/uploads\/2023\/12\/sede_da_uniao_africana_15056602686001d7202ed4a.jpg\"\n\t\t\t\t\t\tdata-qtmplayer-file=\"https:\/\/rna.ao\/rna.ao\/wp-content\/uploads\/2024\/07\/FRANCISCO-RAMOS-DA-CRUZ-3-13-HRS.mp3\"\n\t\t\t\t\t\tdata-qtmplayer-title=\"Angola assume este m\u00eas a presid\u00eancia do Conselho de Paz e de Seguran\u00e7a da Uni\u00e3o Africana\"\n\t\t\t\t\t\tdata-qtmplayer-artist=\"Juliana Nunes\"\n\t\t\t\t\t\tdata-qtmplayer-link=\"https:\/\/rna.ao\/rna.ao\/2024\/07\/06\/angola-assume-este-mes-a-presidencia-do-conselho-de-paz-e-de-seguranca-da-uniao-africana\/\"\n\t\t\t\t\t\tdata-qtmplayer-icon=\"file_download\"\n\t\t\t\t\t\tdata-qtmplayer-type=\"track\"\n\t\t\t class=\"qtmplayer-play qtmplayer-link-sec qtmplayer-play-btn\"><i class='material-icons'>play_arrow<\/i><\/span>\n\t\t<p>\n\t\t\t<span class=\"qtmplayer-tit\">Angola assume este m\u00eas a presid\u00eancia do Conselho de Paz e de Seguran\u00e7a da Uni\u00e3o Africana<\/span>\n\t\t\t<span class=\"qtmplayer-art\">Juliana Nunes<\/span>\n\t\t<\/p>\n\t<\/li>\n\t\t<\/ul>\n\t<\/div>\t\t\t\n\t\n<p>&nbsp;<\/p>\n<p>&nbsp;<\/p>\n<p>&nbsp;<\/p>\n","protected":false},"excerpt":{"rendered":"<p>Angola assume durante este m\u00eas de Julho, a Presid\u00eancia do Conselho de Paz e Seguran\u00e7a da Uni\u00e3o Africana. A marcar o lan\u00e7amento dessa presid\u00eancia, a Embaixada de Angola na Eti\u00f3pia e Representante Permanente junto Uni\u00e3o Africana e da Comiss\u00e3o Econ\u00f3mica das Na\u00e7\u00f5es Unidas para \u00c1frica, promoveu duas actividades nesta sexta-feira. ...<\/p>\n","protected":false},"author":16,"featured_media":124390,"comment_status":"closed","ping_status":"closed","sticky":false,"template":"","format":"standard","meta":[],"categories":[142,121,163],"tags":[],"_links":{"self":[{"href":"https:\/\/rna.ao\/rna.ao\/wp-json\/wp\/v2\/posts\/147095"}],"collection":[{"href":"https:\/\/rna.ao\/rna.ao\/wp-json\/wp\/v2\/posts"}],"about":[{"href":"https:\/\/rna.ao\/rna.ao\/wp-json\/wp\/v2\/types\/post"}],"author":[{"embeddable":true,"href":"https:\/\/rna.ao\/rna.ao\/wp-json\/wp\/v2\/users\/16"}],"replies":[{"embeddable":true,"href":"https:\/\/rna.ao\/rna.ao\/wp-json\/wp\/v2\/comments?post=147095"}],"version-history":[{"count":1,"href":"https:\/\/rna.ao\/rna.ao\/wp-json\/wp\/v2\/posts\/147095\/revisions"}],"predecessor-version":[{"id":147100,"href":"https:\/\/rna.ao\/rna.ao\/wp-json\/wp\/v2\/posts\/147095\/revisions\/147100"}],"wp:featuredmedia":[{"embeddable":true,"href":"https:\/\/rna.ao\/rna.ao\/wp-json\/wp\/v2\/media\/124390"}],"wp:attachment":[{"href":"https:\/\/rna.ao\/rna.ao\/wp-json\/wp\/v2\/media?parent=147095"}],"wp:term":[{"taxonomy":"category","embeddable":true,"href":"https:\/\/rna.ao\/rna.ao\/wp-json\/wp\/v2\/categories?post=147095"},{"taxonomy":"post_tag","embeddable":true,"href":"https:\/\/rna.ao\/rna.ao\/wp-json\/wp\/v2\/tags?post=147095"}],"curies":[{"name":"wp","href":"https:\/\/api.w.org\/{rel}","templated":true}]}}