{"id":147091,"date":"2024-07-06T10:06:12","date_gmt":"2024-07-06T09:06:12","guid":{"rendered":"https:\/\/rna.ao\/rna.ao\/?p=147091"},"modified":"2024-07-06T10:06:12","modified_gmt":"2024-07-06T09:06:12","slug":"circuito-internacional-de-teatro-arranca-hoje-e-nesta-edicao-vai-homenagear-dionisio-rocha","status":"publish","type":"post","link":"https:\/\/rna.ao\/rna.ao\/2024\/07\/06\/circuito-internacional-de-teatro-arranca-hoje-e-nesta-edicao-vai-homenagear-dionisio-rocha\/","title":{"rendered":"Circuito Internacional de Teatro arranca hoje e nesta edi\u00e7\u00e3o vai homenagear Dion\u00edsio Rocha"},"content":{"rendered":"<p><img loading=\"lazy\" class=\"alignnone size-medium wp-image-147093\" src=\"https:\/\/rna.ao\/rna.ao\/wp-content\/uploads\/2024\/07\/IMG_3024-587x770.jpeg\" alt=\"\" width=\"587\" height=\"770\" srcset=\"https:\/\/rna.ao\/rna.ao\/wp-content\/uploads\/2024\/07\/IMG_3024-587x770.jpeg 587w, https:\/\/rna.ao\/rna.ao\/wp-content\/uploads\/2024\/07\/IMG_3024-892x1170.jpeg 892w, https:\/\/rna.ao\/rna.ao\/wp-content\/uploads\/2024\/07\/IMG_3024-768x1008.jpeg 768w, https:\/\/rna.ao\/rna.ao\/wp-content\/uploads\/2024\/07\/IMG_3024.jpeg 1131w\" sizes=\"(max-width: 587px) 100vw, 587px\" \/>Arranca este s\u00e1bado, 6 de Julho, a nona edi\u00e7\u00e3o do Circuito Internacional de Teatro, que este ano vai homenagear um homem de cultura Dion\u00edsio Rocha, de 78 anos idade.<\/p>\n<p>Ad\u00e9rito Rodrigues da organiza\u00e7\u00e3o, fala dos momentos que v\u00e3o marcam a primeira semana de actividades do evento que vai at\u00e9 ao m\u00eas de Setembro. Clique no \u00e1udio e ou\u00e7a:<\/p>\n\t<div class=\"qtmplayer-playlist-large\">\n\t\t<ul class=\"qtmplayer-playlist\">\n\t\t\t\n\t\t\t\t\t<li class=\"qtmplayer-trackitem\">\n\t\t<img src=\"https:\/\/rna.ao\/rna.ao\/wp-content\/uploads\/2024\/07\/IMG_3024-100x100.jpeg\" alt=\"cover\">\t\t<span \t\t\tdata-qtmplayer-cover=\"https:\/\/rna.ao\/rna.ao\/wp-content\/uploads\/2024\/07\/IMG_3024-370x370.jpeg\"\n\t\t\t\t\t\tdata-qtmplayer-file=\"https:\/\/rna.ao\/rna.ao\/wp-content\/uploads\/2024\/07\/ADERITO-RODRIGUES-CIT.mp3\"\n\t\t\t\t\t\tdata-qtmplayer-title=\"Circuito Internacional de Teatro arranca hoje e nesta edi\u00e7\u00e3o vai homenagear Dion\u00edsio Rocha\"\n\t\t\t\t\t\tdata-qtmplayer-artist=\"Juliana Nunes\"\n\t\t\t\t\t\tdata-qtmplayer-link=\"https:\/\/rna.ao\/rna.ao\/2024\/07\/06\/circuito-internacional-de-teatro-arranca-hoje-e-nesta-edicao-vai-homenagear-dionisio-rocha\/\"\n\t\t\t\t\t\tdata-qtmplayer-icon=\"file_download\"\n\t\t\t\t\t\tdata-qtmplayer-type=\"track\"\n\t\t\t class=\"qtmplayer-play qtmplayer-link-sec qtmplayer-play-btn\"><i class='material-icons'>play_arrow<\/i><\/span>\n\t\t<p>\n\t\t\t<span class=\"qtmplayer-tit\">Circuito Internacional de Teatro arranca hoje e nesta edi\u00e7\u00e3o vai homenagear Dion\u00edsio Rocha<\/span>\n\t\t\t<span class=\"qtmplayer-art\">Juliana Nunes<\/span>\n\t\t<\/p>\n\t<\/li>\n\t\t<\/ul>\n\t<\/div>\t\t\t\n\t\n","protected":false},"excerpt":{"rendered":"<p>Arranca este s\u00e1bado, 6 de Julho, a nona edi\u00e7\u00e3o do Circuito Internacional de Teatro, que este ano vai homenagear um homem de cultura Dion\u00edsio Rocha, de 78 anos idade. Ad\u00e9rito Rodrigues da organiza\u00e7\u00e3o, fala dos momentos que v\u00e3o marcam a primeira semana de actividades do evento que vai at\u00e9 ao ...<\/p>\n","protected":false},"author":16,"featured_media":147093,"comment_status":"closed","ping_status":"closed","sticky":false,"template":"","format":"standard","meta":[],"categories":[142,141,133],"tags":[],"_links":{"self":[{"href":"https:\/\/rna.ao\/rna.ao\/wp-json\/wp\/v2\/posts\/147091"}],"collection":[{"href":"https:\/\/rna.ao\/rna.ao\/wp-json\/wp\/v2\/posts"}],"about":[{"href":"https:\/\/rna.ao\/rna.ao\/wp-json\/wp\/v2\/types\/post"}],"author":[{"embeddable":true,"href":"https:\/\/rna.ao\/rna.ao\/wp-json\/wp\/v2\/users\/16"}],"replies":[{"embeddable":true,"href":"https:\/\/rna.ao\/rna.ao\/wp-json\/wp\/v2\/comments?post=147091"}],"version-history":[{"count":1,"href":"https:\/\/rna.ao\/rna.ao\/wp-json\/wp\/v2\/posts\/147091\/revisions"}],"predecessor-version":[{"id":147094,"href":"https:\/\/rna.ao\/rna.ao\/wp-json\/wp\/v2\/posts\/147091\/revisions\/147094"}],"wp:featuredmedia":[{"embeddable":true,"href":"https:\/\/rna.ao\/rna.ao\/wp-json\/wp\/v2\/media\/147093"}],"wp:attachment":[{"href":"https:\/\/rna.ao\/rna.ao\/wp-json\/wp\/v2\/media?parent=147091"}],"wp:term":[{"taxonomy":"category","embeddable":true,"href":"https:\/\/rna.ao\/rna.ao\/wp-json\/wp\/v2\/categories?post=147091"},{"taxonomy":"post_tag","embeddable":true,"href":"https:\/\/rna.ao\/rna.ao\/wp-json\/wp\/v2\/tags?post=147091"}],"curies":[{"name":"wp","href":"https:\/\/api.w.org\/{rel}","templated":true}]}}