{"id":147086,"date":"2024-07-06T09:38:42","date_gmt":"2024-07-06T08:38:42","guid":{"rendered":"https:\/\/rna.ao\/rna.ao\/?p=147086"},"modified":"2024-07-06T09:38:42","modified_gmt":"2024-07-06T08:38:42","slug":"primeiro-ministro-britanico-cessante-promete-apresentar-demissao-na-sequencia-da-derrota-nas-eleicoes","status":"publish","type":"post","link":"https:\/\/rna.ao\/rna.ao\/2024\/07\/06\/primeiro-ministro-britanico-cessante-promete-apresentar-demissao-na-sequencia-da-derrota-nas-eleicoes\/","title":{"rendered":"Primeiro-ministro brit\u00e2nico cessante promete apresentar demiss\u00e3o na sequ\u00eancia da derrota nas elei\u00e7\u00f5es"},"content":{"rendered":"<p><img loading=\"lazy\" class=\"alignnone size-full wp-image-147087\" src=\"https:\/\/rna.ao\/rna.ao\/wp-content\/uploads\/2024\/07\/IMG_3022.jpeg\" alt=\"\" width=\"465\" height=\"279\" \/>O primeiro-ministro brit\u00e2nico cessante, Rishi Sunak, disse esta sexta-feira que vai apresentar a demiss\u00e3o ao Rei Carlos III, na sequ\u00eancia da derrota nas elei\u00e7\u00f5es dos conservadores nas elei\u00e7\u00f5es de quinta-feira, cuja responsabilidade assumiu.<\/p>\n<p>Numa declara\u00e7\u00e3o \u00e0 porta do n\u00famero 10 de Downing Street, em Londres, a resid\u00eancia oficial do primeiro-ministro, Sunak anunciou tamb\u00e9m que ir\u00e1 deixar a lideran\u00e7a do Partido Conservador. Sunak pediu desculpas aos conservadores pela pesada derrota ao fim de cerca de 20 meses na chefia do Governo.<\/p>\n<p>O trabalhista Keir Starmer venceu as elei\u00e7\u00f5es de quinta-feira e esta sexta-feira foi indigitado primeiro-ministro por Carlos III, ap\u00f3s um encontro no Pal\u00e1cio de Buckingham, em Londres.<\/p>\n<p>O Partido Trabalhista venceu as elei\u00e7\u00f5es de quinta-feira com uma ampla maioria e regressa ao poder ap\u00f3s 14 anos na oposi\u00e7\u00e3o.<\/p>\n","protected":false},"excerpt":{"rendered":"<p>O primeiro-ministro brit\u00e2nico cessante, Rishi Sunak, disse esta sexta-feira que vai apresentar a demiss\u00e3o ao Rei Carlos III, na sequ\u00eancia da derrota nas elei\u00e7\u00f5es dos conservadores nas elei\u00e7\u00f5es de quinta-feira, cuja responsabilidade assumiu. Numa declara\u00e7\u00e3o \u00e0 porta do n\u00famero 10 de Downing Street, em Londres, a resid\u00eancia oficial do primeiro-ministro, ...<\/p>\n","protected":false},"author":16,"featured_media":147087,"comment_status":"closed","ping_status":"closed","sticky":false,"template":"","format":"standard","meta":[],"categories":[143,137],"tags":[],"_links":{"self":[{"href":"https:\/\/rna.ao\/rna.ao\/wp-json\/wp\/v2\/posts\/147086"}],"collection":[{"href":"https:\/\/rna.ao\/rna.ao\/wp-json\/wp\/v2\/posts"}],"about":[{"href":"https:\/\/rna.ao\/rna.ao\/wp-json\/wp\/v2\/types\/post"}],"author":[{"embeddable":true,"href":"https:\/\/rna.ao\/rna.ao\/wp-json\/wp\/v2\/users\/16"}],"replies":[{"embeddable":true,"href":"https:\/\/rna.ao\/rna.ao\/wp-json\/wp\/v2\/comments?post=147086"}],"version-history":[{"count":1,"href":"https:\/\/rna.ao\/rna.ao\/wp-json\/wp\/v2\/posts\/147086\/revisions"}],"predecessor-version":[{"id":147088,"href":"https:\/\/rna.ao\/rna.ao\/wp-json\/wp\/v2\/posts\/147086\/revisions\/147088"}],"wp:featuredmedia":[{"embeddable":true,"href":"https:\/\/rna.ao\/rna.ao\/wp-json\/wp\/v2\/media\/147087"}],"wp:attachment":[{"href":"https:\/\/rna.ao\/rna.ao\/wp-json\/wp\/v2\/media?parent=147086"}],"wp:term":[{"taxonomy":"category","embeddable":true,"href":"https:\/\/rna.ao\/rna.ao\/wp-json\/wp\/v2\/categories?post=147086"},{"taxonomy":"post_tag","embeddable":true,"href":"https:\/\/rna.ao\/rna.ao\/wp-json\/wp\/v2\/tags?post=147086"}],"curies":[{"name":"wp","href":"https:\/\/api.w.org\/{rel}","templated":true}]}}