{"id":147080,"date":"2024-07-05T23:27:36","date_gmt":"2024-07-05T22:27:36","guid":{"rendered":"https:\/\/rna.ao\/rna.ao\/?p=147080"},"modified":"2024-07-05T23:27:36","modified_gmt":"2024-07-05T22:27:36","slug":"portugal-cai-aos-penaltis-diante-da-franca-e-esta-fora-do-europeu-de-futebol","status":"publish","type":"post","link":"https:\/\/rna.ao\/rna.ao\/2024\/07\/05\/portugal-cai-aos-penaltis-diante-da-franca-e-esta-fora-do-europeu-de-futebol\/","title":{"rendered":"Portugal cai aos p\u00eanaltis diante da Fran\u00e7a e est\u00e1 fora do Europeu de futebol"},"content":{"rendered":"<p><img loading=\"lazy\" class=\"alignnone size-medium wp-image-147081\" src=\"https:\/\/rna.ao\/rna.ao\/wp-content\/uploads\/2024\/07\/IMG_2994-616x770.jpeg\" alt=\"\" width=\"616\" height=\"770\" srcset=\"https:\/\/rna.ao\/rna.ao\/wp-content\/uploads\/2024\/07\/IMG_2994-616x770.jpeg 616w, https:\/\/rna.ao\/rna.ao\/wp-content\/uploads\/2024\/07\/IMG_2994.jpeg 768w\" sizes=\"(max-width: 616px) 100vw, 616px\" \/>A Fran\u00e7a venceu Portugal por 5-3 aos p\u00eanaltis, depois de 0-0 no tempo regulamentar e no prolongamento, e est\u00e1 qualificada para as meias-finais do Euro 2024.<\/p>\n<p>Num jogo repartido, com mais posse de bola para a selec\u00e7\u00e3o de Portugal e mais remates para a selec\u00e7\u00e3o francesa, mas sem efic\u00e1cia ofensiva de parte a parte.<\/p>\n<p>Nos pontap\u00e9s de p\u00eanaltis os gauleses foram mais competentes, convertendo todos os p\u00eanaltis, j\u00e1 Jo\u00e3o F\u00e9lix foi o \u00fanico a falhar por Portugal.<\/p>\n<p>Com este triunfo, a Fran\u00e7a marca encontro com a Espanha nas meias-finais da prova, com partida marcada para o dia 9 de Julho, ter\u00e7a-feira, no Est\u00e1dio Allianz Arena em Munique.<\/p>\n<p>&nbsp;<\/p>\n<p>&nbsp;<\/p>\n<p>Por: Airton Kenha<\/p>\n","protected":false},"excerpt":{"rendered":"<p>A Fran\u00e7a venceu Portugal por 5-3 aos p\u00eanaltis, depois de 0-0 no tempo regulamentar e no prolongamento, e est\u00e1 qualificada para as meias-finais do Euro 2024. Num jogo repartido, com mais posse de bola para a selec\u00e7\u00e3o de Portugal e mais remates para a selec\u00e7\u00e3o francesa, mas sem efic\u00e1cia ofensiva ...<\/p>\n","protected":false},"author":16,"featured_media":147082,"comment_status":"closed","ping_status":"closed","sticky":false,"template":"","format":"standard","meta":[],"categories":[145,125],"tags":[],"_links":{"self":[{"href":"https:\/\/rna.ao\/rna.ao\/wp-json\/wp\/v2\/posts\/147080"}],"collection":[{"href":"https:\/\/rna.ao\/rna.ao\/wp-json\/wp\/v2\/posts"}],"about":[{"href":"https:\/\/rna.ao\/rna.ao\/wp-json\/wp\/v2\/types\/post"}],"author":[{"embeddable":true,"href":"https:\/\/rna.ao\/rna.ao\/wp-json\/wp\/v2\/users\/16"}],"replies":[{"embeddable":true,"href":"https:\/\/rna.ao\/rna.ao\/wp-json\/wp\/v2\/comments?post=147080"}],"version-history":[{"count":1,"href":"https:\/\/rna.ao\/rna.ao\/wp-json\/wp\/v2\/posts\/147080\/revisions"}],"predecessor-version":[{"id":147083,"href":"https:\/\/rna.ao\/rna.ao\/wp-json\/wp\/v2\/posts\/147080\/revisions\/147083"}],"wp:featuredmedia":[{"embeddable":true,"href":"https:\/\/rna.ao\/rna.ao\/wp-json\/wp\/v2\/media\/147082"}],"wp:attachment":[{"href":"https:\/\/rna.ao\/rna.ao\/wp-json\/wp\/v2\/media?parent=147080"}],"wp:term":[{"taxonomy":"category","embeddable":true,"href":"https:\/\/rna.ao\/rna.ao\/wp-json\/wp\/v2\/categories?post=147080"},{"taxonomy":"post_tag","embeddable":true,"href":"https:\/\/rna.ao\/rna.ao\/wp-json\/wp\/v2\/tags?post=147080"}],"curies":[{"name":"wp","href":"https:\/\/api.w.org\/{rel}","templated":true}]}}