{"id":147070,"date":"2024-07-05T20:46:43","date_gmt":"2024-07-05T19:46:43","guid":{"rendered":"https:\/\/rna.ao\/rna.ao\/?p=147070"},"modified":"2024-07-05T20:46:43","modified_gmt":"2024-07-05T19:46:43","slug":"angola-e-burundi-aprofundam-reforco-da-cooperacao-bilateral-em-varios-dominios","status":"publish","type":"post","link":"https:\/\/rna.ao\/rna.ao\/2024\/07\/05\/angola-e-burundi-aprofundam-reforco-da-cooperacao-bilateral-em-varios-dominios\/","title":{"rendered":"Angola e Burundi aprofundam refor\u00e7o da coopera\u00e7\u00e3o bilateral em v\u00e1rios dom\u00ednios"},"content":{"rendered":"<p><img loading=\"lazy\" class=\"alignnone size-medium wp-image-147072\" src=\"https:\/\/rna.ao\/rna.ao\/wp-content\/uploads\/2024\/07\/IMG_2993-770x493.jpeg\" alt=\"\" width=\"770\" height=\"493\" srcset=\"https:\/\/rna.ao\/rna.ao\/wp-content\/uploads\/2024\/07\/IMG_2993-770x493.jpeg 770w, https:\/\/rna.ao\/rna.ao\/wp-content\/uploads\/2024\/07\/IMG_2993-1170x750.jpeg 1170w, https:\/\/rna.ao\/rna.ao\/wp-content\/uploads\/2024\/07\/IMG_2993-768x492.jpeg 768w, https:\/\/rna.ao\/rna.ao\/wp-content\/uploads\/2024\/07\/IMG_2993.jpeg 1280w\" sizes=\"(max-width: 770px) 100vw, 770px\" \/>A vice-presidente do MPLA Lu\u00edsa Dami\u00e3o, conversou esta sexta-feira com a embaixadora do Burundi em Angola Evelyne Butoy.<\/p>\n<p>O refor\u00e7o da coopera\u00e7\u00e3o no dom\u00ednio do petr\u00f3leo e g\u00e1s, transporte, sa\u00fade e educa\u00e7\u00e3o foram as notas dominantes do encontro entre a vice do Partido que suporta o governo em Angola e embaixadora Evelyne Butoy. Jornalista Ant\u00f3nio Pinto. Clique no \u00e1udio e ou\u00e7a:<\/p>\n\t<div class=\"qtmplayer-playlist-large\">\n\t\t<ul class=\"qtmplayer-playlist\">\n\t\t\t\n\t\t\t\t\t<li class=\"qtmplayer-trackitem\">\n\t\t<img src=\"https:\/\/rna.ao\/rna.ao\/wp-content\/uploads\/2024\/07\/IMG_2993-100x100.jpeg\" alt=\"cover\">\t\t<span \t\t\tdata-qtmplayer-cover=\"https:\/\/rna.ao\/rna.ao\/wp-content\/uploads\/2024\/07\/IMG_2993-370x370.jpeg\"\n\t\t\t\t\t\tdata-qtmplayer-file=\"https:\/\/rna.ao\/rna.ao\/wp-content\/uploads\/2024\/07\/ANTONIO-PINTO-BOM-13HRS.mp3\"\n\t\t\t\t\t\tdata-qtmplayer-title=\"Angola e Burundi aprofundam refor\u00e7o da coopera\u00e7\u00e3o bilateral em v\u00e1rios dom\u00ednios\"\n\t\t\t\t\t\tdata-qtmplayer-artist=\"Juliana Nunes\"\n\t\t\t\t\t\tdata-qtmplayer-link=\"https:\/\/rna.ao\/rna.ao\/2024\/07\/05\/angola-e-burundi-aprofundam-reforco-da-cooperacao-bilateral-em-varios-dominios\/\"\n\t\t\t\t\t\tdata-qtmplayer-icon=\"file_download\"\n\t\t\t\t\t\tdata-qtmplayer-type=\"track\"\n\t\t\t class=\"qtmplayer-play qtmplayer-link-sec qtmplayer-play-btn\"><i class='material-icons'>play_arrow<\/i><\/span>\n\t\t<p>\n\t\t\t<span class=\"qtmplayer-tit\">Angola e Burundi aprofundam refor\u00e7o da coopera\u00e7\u00e3o bilateral em v\u00e1rios dom\u00ednios<\/span>\n\t\t\t<span class=\"qtmplayer-art\">Juliana Nunes<\/span>\n\t\t<\/p>\n\t<\/li>\n\t\t<\/ul>\n\t<\/div>\t\t\t\n\t\n<p>&nbsp;<\/p>\n","protected":false},"excerpt":{"rendered":"<p>A vice-presidente do MPLA Lu\u00edsa Dami\u00e3o, conversou esta sexta-feira com a embaixadora do Burundi em Angola Evelyne Butoy. O refor\u00e7o da coopera\u00e7\u00e3o no dom\u00ednio do petr\u00f3leo e g\u00e1s, transporte, sa\u00fade e educa\u00e7\u00e3o foram as notas dominantes do encontro entre a vice do Partido que suporta o governo em Angola e ...<\/p>\n","protected":false},"author":16,"featured_media":147072,"comment_status":"closed","ping_status":"closed","sticky":false,"template":"","format":"standard","meta":[],"categories":[142,121],"tags":[],"_links":{"self":[{"href":"https:\/\/rna.ao\/rna.ao\/wp-json\/wp\/v2\/posts\/147070"}],"collection":[{"href":"https:\/\/rna.ao\/rna.ao\/wp-json\/wp\/v2\/posts"}],"about":[{"href":"https:\/\/rna.ao\/rna.ao\/wp-json\/wp\/v2\/types\/post"}],"author":[{"embeddable":true,"href":"https:\/\/rna.ao\/rna.ao\/wp-json\/wp\/v2\/users\/16"}],"replies":[{"embeddable":true,"href":"https:\/\/rna.ao\/rna.ao\/wp-json\/wp\/v2\/comments?post=147070"}],"version-history":[{"count":1,"href":"https:\/\/rna.ao\/rna.ao\/wp-json\/wp\/v2\/posts\/147070\/revisions"}],"predecessor-version":[{"id":147073,"href":"https:\/\/rna.ao\/rna.ao\/wp-json\/wp\/v2\/posts\/147070\/revisions\/147073"}],"wp:featuredmedia":[{"embeddable":true,"href":"https:\/\/rna.ao\/rna.ao\/wp-json\/wp\/v2\/media\/147072"}],"wp:attachment":[{"href":"https:\/\/rna.ao\/rna.ao\/wp-json\/wp\/v2\/media?parent=147070"}],"wp:term":[{"taxonomy":"category","embeddable":true,"href":"https:\/\/rna.ao\/rna.ao\/wp-json\/wp\/v2\/categories?post=147070"},{"taxonomy":"post_tag","embeddable":true,"href":"https:\/\/rna.ao\/rna.ao\/wp-json\/wp\/v2\/tags?post=147070"}],"curies":[{"name":"wp","href":"https:\/\/api.w.org\/{rel}","templated":true}]}}