{"id":147061,"date":"2024-07-05T20:21:47","date_gmt":"2024-07-05T19:21:47","guid":{"rendered":"https:\/\/rna.ao\/rna.ao\/?p=147061"},"modified":"2024-07-05T20:21:47","modified_gmt":"2024-07-05T19:21:47","slug":"agricultores-familiares-no-cuanza-norte-defendem-mais-incentivos-para-o-aumento-da-producao","status":"publish","type":"post","link":"https:\/\/rna.ao\/rna.ao\/2024\/07\/05\/agricultores-familiares-no-cuanza-norte-defendem-mais-incentivos-para-o-aumento-da-producao\/","title":{"rendered":"Agricultores familiares no Cuanza-Norte defendem mais incentivos para o aumento da produ\u00e7\u00e3o"},"content":{"rendered":"<p><img loading=\"lazy\" class=\"alignnone size-full wp-image-121579\" src=\"https:\/\/rna.ao\/rna.ao\/wp-content\/uploads\/2023\/11\/Agricultura-familiar.jpg\" alt=\"\" width=\"290\" height=\"174\" \/>Os agricultores familiares no Cuanza-Norte defendem mais incentivos para o aumento dos n\u00edveis de produ\u00e7\u00e3o. S\u00e3o v\u00e1rias as dificuldades apresentadas pelos homens do campo, durante o workshop de di\u00e1logo sobre a pol\u00edtica da agricultura familiar realizado naquela prov\u00edncia. Jornalista Etelvino Domingos. Clique no \u00e1udio e ou\u00e7a:<\/p>\n\t<div class=\"qtmplayer-playlist-large\">\n\t\t<ul class=\"qtmplayer-playlist\">\n\t\t\t\n\t\t\t\t\t<li class=\"qtmplayer-trackitem\">\n\t\t<img src=\"https:\/\/rna.ao\/rna.ao\/wp-content\/uploads\/2023\/11\/Agricultura-familiar-100x100.jpg\" alt=\"cover\">\t\t<span \t\t\tdata-qtmplayer-cover=\"https:\/\/rna.ao\/rna.ao\/wp-content\/uploads\/2023\/11\/Agricultura-familiar.jpg\"\n\t\t\t\t\t\tdata-qtmplayer-file=\"https:\/\/rna.ao\/rna.ao\/wp-content\/uploads\/2024\/07\/KWANZA-NORTE-AGRICULTURA-FAMILIAR-13HRS.mp3\"\n\t\t\t\t\t\tdata-qtmplayer-title=\"Agricultores familiares no Cuanza-Norte defendem mais incentivos para o aumento da produ\u00e7\u00e3o\"\n\t\t\t\t\t\tdata-qtmplayer-artist=\"Juliana Nunes\"\n\t\t\t\t\t\tdata-qtmplayer-link=\"https:\/\/rna.ao\/rna.ao\/2024\/07\/05\/agricultores-familiares-no-cuanza-norte-defendem-mais-incentivos-para-o-aumento-da-producao\/\"\n\t\t\t\t\t\tdata-qtmplayer-icon=\"file_download\"\n\t\t\t\t\t\tdata-qtmplayer-type=\"track\"\n\t\t\t class=\"qtmplayer-play qtmplayer-link-sec qtmplayer-play-btn\"><i class='material-icons'>play_arrow<\/i><\/span>\n\t\t<p>\n\t\t\t<span class=\"qtmplayer-tit\">Agricultores familiares no Cuanza-Norte defendem mais incentivos para o aumento da produ\u00e7\u00e3o<\/span>\n\t\t\t<span class=\"qtmplayer-art\">Juliana Nunes<\/span>\n\t\t<\/p>\n\t<\/li>\n\t\t<\/ul>\n\t<\/div>\t\t\t\n\t\n","protected":false},"excerpt":{"rendered":"<p>Os agricultores familiares no Cuanza-Norte defendem mais incentivos para o aumento dos n\u00edveis de produ\u00e7\u00e3o. S\u00e3o v\u00e1rias as dificuldades apresentadas pelos homens do campo, durante o workshop de di\u00e1logo sobre a pol\u00edtica da agricultura familiar realizado naquela prov\u00edncia. Jornalista Etelvino Domingos. Clique no \u00e1udio e ou\u00e7a:<\/p>\n","protected":false},"author":16,"featured_media":121579,"comment_status":"closed","ping_status":"closed","sticky":false,"template":"","format":"standard","meta":[],"categories":[142,121,1],"tags":[],"_links":{"self":[{"href":"https:\/\/rna.ao\/rna.ao\/wp-json\/wp\/v2\/posts\/147061"}],"collection":[{"href":"https:\/\/rna.ao\/rna.ao\/wp-json\/wp\/v2\/posts"}],"about":[{"href":"https:\/\/rna.ao\/rna.ao\/wp-json\/wp\/v2\/types\/post"}],"author":[{"embeddable":true,"href":"https:\/\/rna.ao\/rna.ao\/wp-json\/wp\/v2\/users\/16"}],"replies":[{"embeddable":true,"href":"https:\/\/rna.ao\/rna.ao\/wp-json\/wp\/v2\/comments?post=147061"}],"version-history":[{"count":2,"href":"https:\/\/rna.ao\/rna.ao\/wp-json\/wp\/v2\/posts\/147061\/revisions"}],"predecessor-version":[{"id":147064,"href":"https:\/\/rna.ao\/rna.ao\/wp-json\/wp\/v2\/posts\/147061\/revisions\/147064"}],"wp:featuredmedia":[{"embeddable":true,"href":"https:\/\/rna.ao\/rna.ao\/wp-json\/wp\/v2\/media\/121579"}],"wp:attachment":[{"href":"https:\/\/rna.ao\/rna.ao\/wp-json\/wp\/v2\/media?parent=147061"}],"wp:term":[{"taxonomy":"category","embeddable":true,"href":"https:\/\/rna.ao\/rna.ao\/wp-json\/wp\/v2\/categories?post=147061"},{"taxonomy":"post_tag","embeddable":true,"href":"https:\/\/rna.ao\/rna.ao\/wp-json\/wp\/v2\/tags?post=147061"}],"curies":[{"name":"wp","href":"https:\/\/api.w.org\/{rel}","templated":true}]}}