{"id":147047,"date":"2024-07-05T19:29:07","date_gmt":"2024-07-05T18:29:07","guid":{"rendered":"https:\/\/rna.ao\/rna.ao\/?p=147047"},"modified":"2024-07-05T19:29:44","modified_gmt":"2024-07-05T18:29:44","slug":"fmi-diz-que-economia-angolana-continua-a-trilhar-o-caminho-da-resiliencia-desde-2018","status":"publish","type":"post","link":"https:\/\/rna.ao\/rna.ao\/2024\/07\/05\/fmi-diz-que-economia-angolana-continua-a-trilhar-o-caminho-da-resiliencia-desde-2018\/","title":{"rendered":"FMI diz que economia angolana continua a trilhar o caminho da resili\u00eancia desde 2018"},"content":{"rendered":"<p><img loading=\"lazy\" class=\"alignnone size-medium wp-image-28087\" src=\"https:\/\/rna.ao\/rna.ao\/wp-content\/uploads\/2021\/06\/fmi-1-770x464.jpg\" alt=\"\" width=\"770\" height=\"464\" srcset=\"https:\/\/rna.ao\/rna.ao\/wp-content\/uploads\/2021\/06\/fmi-1-770x464.jpg 770w, https:\/\/rna.ao\/rna.ao\/wp-content\/uploads\/2021\/06\/fmi-1-768x463.jpg 768w, https:\/\/rna.ao\/rna.ao\/wp-content\/uploads\/2021\/06\/fmi-1.jpg 780w\" sizes=\"(max-width: 770px) 100vw, 770px\" \/>O FMI &#8211; Fundo Monet\u00e1rio Internacional diz que a economia angolana continua a trilhar o caminho da resili\u00eancia desde que avan\u00e7ou com o programa de assist\u00eancia financeira em 2018.<\/p>\n<p>O Fundo Monet\u00e1rio Internacional entende igualmente que apesar dos desafios enfrentados e os riscos a que est\u00e1 sujeita, Angola mantem a capacidade de reembolsar os 4,5 mil milh\u00f5es de d\u00f3lares que beneficiou da institui\u00e7\u00e3o financeira de Bretton Woods.<\/p>\n<p>Em rela\u00e7\u00e3o a infla\u00e7\u00e3o, o FMI perspectiva que o aumento dos pre\u00e7os dever\u00e1 come\u00e7ar a cair na segunda metade deste ano, com melhor transmiss\u00e3o da pol\u00edtica monet\u00e1ria e com o desvanecimento dos choques na oferta.<\/p>\n<p>Entretanto, o Economista M\u00e1rio Bernardo, \u00a0entende que \u00e9 um quadro bastante animador para economia angolana, embora reconhe\u00e7a existirem ainda in\u00fameros desafios. Clique no \u00e1udio e ou\u00e7a:<\/p>\n\t<div class=\"qtmplayer-playlist-large\">\n\t\t<ul class=\"qtmplayer-playlist\">\n\t\t\t\n\t\t\t\t\t<li class=\"qtmplayer-trackitem\">\n\t\t<img src=\"https:\/\/rna.ao\/rna.ao\/wp-content\/uploads\/2023\/11\/FMI-100x100.jpg\" alt=\"cover\">\t\t<span \t\t\tdata-qtmplayer-cover=\"https:\/\/rna.ao\/rna.ao\/wp-content\/uploads\/2023\/11\/FMI.jpg\"\n\t\t\t\t\t\tdata-qtmplayer-file=\"https:\/\/rna.ao\/rna.ao\/wp-content\/uploads\/2024\/07\/MARIOS-BERNARDO-1-13HRS.mp3\"\n\t\t\t\t\t\tdata-qtmplayer-title=\"FMI diz que economia angolana continua a trilhar o caminho da resili\u00eancia desde 2018\"\n\t\t\t\t\t\tdata-qtmplayer-artist=\"Juliana Nunes\"\n\t\t\t\t\t\tdata-qtmplayer-link=\"https:\/\/rna.ao\/rna.ao\/2024\/07\/05\/fmi-diz-que-economia-angolana-continua-a-trilhar-o-caminho-da-resiliencia-desde-2018\/\"\n\t\t\t\t\t\tdata-qtmplayer-icon=\"file_download\"\n\t\t\t\t\t\tdata-qtmplayer-type=\"track\"\n\t\t\t class=\"qtmplayer-play qtmplayer-link-sec qtmplayer-play-btn\"><i class='material-icons'>play_arrow<\/i><\/span>\n\t\t<p>\n\t\t\t<span class=\"qtmplayer-tit\">FMI diz que economia angolana continua a trilhar o caminho da resili\u00eancia desde 2018<\/span>\n\t\t\t<span class=\"qtmplayer-art\">Juliana Nunes<\/span>\n\t\t<\/p>\n\t<\/li>\n\t\t<\/ul>\n\t<\/div>\t\t\t\n\t\n<p>E o Economista Afonso Malaca, defende a manuten\u00e7\u00e3o das reformas estruturais em curso no pa\u00eds e a agenda da diversifica\u00e7\u00e3o econ\u00f3mica. Clique no \u00e1udio e ou\u00e7a:<\/p>\n\t<div class=\"qtmplayer-playlist-large\">\n\t\t<ul class=\"qtmplayer-playlist\">\n\t\t\t\n\t\t\t\t\t<li class=\"qtmplayer-trackitem\">\n\t\t<img src=\"https:\/\/rna.ao\/rna.ao\/wp-content\/uploads\/2023\/11\/FMI-100x100.jpg\" alt=\"cover\">\t\t<span \t\t\tdata-qtmplayer-cover=\"https:\/\/rna.ao\/rna.ao\/wp-content\/uploads\/2023\/11\/FMI.jpg\"\n\t\t\t\t\t\tdata-qtmplayer-file=\"https:\/\/rna.ao\/rna.ao\/wp-content\/uploads\/2024\/07\/AFONSO-MALACA-13HRS.mp3\"\n\t\t\t\t\t\tdata-qtmplayer-title=\"FMI diz que economia angolana continua a trilhar o caminho da resili\u00eancia desde 2018\"\n\t\t\t\t\t\tdata-qtmplayer-artist=\"Juliana Nunes\"\n\t\t\t\t\t\tdata-qtmplayer-link=\"https:\/\/rna.ao\/rna.ao\/2024\/07\/05\/fmi-diz-que-economia-angolana-continua-a-trilhar-o-caminho-da-resiliencia-desde-2018\/\"\n\t\t\t\t\t\tdata-qtmplayer-icon=\"file_download\"\n\t\t\t\t\t\tdata-qtmplayer-type=\"track\"\n\t\t\t class=\"qtmplayer-play qtmplayer-link-sec qtmplayer-play-btn\"><i class='material-icons'>play_arrow<\/i><\/span>\n\t\t<p>\n\t\t\t<span class=\"qtmplayer-tit\">FMI diz que economia angolana continua a trilhar o caminho da resili\u00eancia desde 2018<\/span>\n\t\t\t<span class=\"qtmplayer-art\">Juliana Nunes<\/span>\n\t\t<\/p>\n\t<\/li>\n\t\t<\/ul>\n\t<\/div>\t\t\t\n\t\n<p>Afonso Malaca diz ainda que o desempenho dos indicadores macro-econ\u00f3micos neste ano, ser\u00e1 determinante para o crescimento da economia angolana. Clique no \u00e1udio e ou\u00e7a:<\/p>\n\t<div class=\"qtmplayer-playlist-large\">\n\t\t<ul class=\"qtmplayer-playlist\">\n\t\t\t\n\t\t\t\t\t<li class=\"qtmplayer-trackitem\">\n\t\t<img src=\"https:\/\/rna.ao\/rna.ao\/wp-content\/uploads\/2023\/11\/FMI-100x100.jpg\" alt=\"cover\">\t\t<span \t\t\tdata-qtmplayer-cover=\"https:\/\/rna.ao\/rna.ao\/wp-content\/uploads\/2023\/11\/FMI.jpg\"\n\t\t\t\t\t\tdata-qtmplayer-file=\"https:\/\/rna.ao\/rna.ao\/wp-content\/uploads\/2024\/07\/AFONSO-MALACA-2-13HRSv.mp3\"\n\t\t\t\t\t\tdata-qtmplayer-title=\"FMI diz que economia angolana continua a trilhar o caminho da resili\u00eancia desde 2018\"\n\t\t\t\t\t\tdata-qtmplayer-artist=\"Juliana Nunes\"\n\t\t\t\t\t\tdata-qtmplayer-link=\"https:\/\/rna.ao\/rna.ao\/2024\/07\/05\/fmi-diz-que-economia-angolana-continua-a-trilhar-o-caminho-da-resiliencia-desde-2018\/\"\n\t\t\t\t\t\tdata-qtmplayer-icon=\"file_download\"\n\t\t\t\t\t\tdata-qtmplayer-type=\"track\"\n\t\t\t class=\"qtmplayer-play qtmplayer-link-sec qtmplayer-play-btn\"><i class='material-icons'>play_arrow<\/i><\/span>\n\t\t<p>\n\t\t\t<span class=\"qtmplayer-tit\">FMI diz que economia angolana continua a trilhar o caminho da resili\u00eancia desde 2018<\/span>\n\t\t\t<span class=\"qtmplayer-art\">Juliana Nunes<\/span>\n\t\t<\/p>\n\t<\/li>\n\t\t<\/ul>\n\t<\/div>\t\t\t\n\t\n","protected":false},"excerpt":{"rendered":"<p>O FMI &#8211; Fundo Monet\u00e1rio Internacional diz que a economia angolana continua a trilhar o caminho da resili\u00eancia desde que avan\u00e7ou com o programa de assist\u00eancia financeira em 2018. O Fundo Monet\u00e1rio Internacional entende igualmente que apesar dos desafios enfrentados e os riscos a que est\u00e1 sujeita, Angola mantem a ...<\/p>\n","protected":false},"author":16,"featured_media":121496,"comment_status":"closed","ping_status":"closed","sticky":false,"template":"","format":"standard","meta":[],"categories":[142,121,163],"tags":[],"_links":{"self":[{"href":"https:\/\/rna.ao\/rna.ao\/wp-json\/wp\/v2\/posts\/147047"}],"collection":[{"href":"https:\/\/rna.ao\/rna.ao\/wp-json\/wp\/v2\/posts"}],"about":[{"href":"https:\/\/rna.ao\/rna.ao\/wp-json\/wp\/v2\/types\/post"}],"author":[{"embeddable":true,"href":"https:\/\/rna.ao\/rna.ao\/wp-json\/wp\/v2\/users\/16"}],"replies":[{"embeddable":true,"href":"https:\/\/rna.ao\/rna.ao\/wp-json\/wp\/v2\/comments?post=147047"}],"version-history":[{"count":2,"href":"https:\/\/rna.ao\/rna.ao\/wp-json\/wp\/v2\/posts\/147047\/revisions"}],"predecessor-version":[{"id":147052,"href":"https:\/\/rna.ao\/rna.ao\/wp-json\/wp\/v2\/posts\/147047\/revisions\/147052"}],"wp:featuredmedia":[{"embeddable":true,"href":"https:\/\/rna.ao\/rna.ao\/wp-json\/wp\/v2\/media\/121496"}],"wp:attachment":[{"href":"https:\/\/rna.ao\/rna.ao\/wp-json\/wp\/v2\/media?parent=147047"}],"wp:term":[{"taxonomy":"category","embeddable":true,"href":"https:\/\/rna.ao\/rna.ao\/wp-json\/wp\/v2\/categories?post=147047"},{"taxonomy":"post_tag","embeddable":true,"href":"https:\/\/rna.ao\/rna.ao\/wp-json\/wp\/v2\/tags?post=147047"}],"curies":[{"name":"wp","href":"https:\/\/api.w.org\/{rel}","templated":true}]}}