{"id":145647,"date":"2024-06-25T07:52:52","date_gmt":"2024-06-25T06:52:52","guid":{"rendered":"https:\/\/rna.ao\/rna.ao\/?p=145647"},"modified":"2024-06-25T07:52:52","modified_gmt":"2024-06-25T06:52:52","slug":"julian-assange-chega-a-acordo-com-eua-e-sai-da-prisao","status":"publish","type":"post","link":"https:\/\/rna.ao\/rna.ao\/2024\/06\/25\/julian-assange-chega-a-acordo-com-eua-e-sai-da-prisao\/","title":{"rendered":"Julian Assange chega a acordo com EUA e sai da pris\u00e3o"},"content":{"rendered":"<p><img loading=\"lazy\" class=\"alignnone size-medium wp-image-145648\" src=\"https:\/\/rna.ao\/rna.ao\/wp-content\/uploads\/2024\/06\/IMG_5317-770x461.jpeg\" alt=\"\" width=\"770\" height=\"461\" srcset=\"https:\/\/rna.ao\/rna.ao\/wp-content\/uploads\/2024\/06\/IMG_5317-770x461.jpeg 770w, https:\/\/rna.ao\/rna.ao\/wp-content\/uploads\/2024\/06\/IMG_5317-768x460.jpeg 768w, https:\/\/rna.ao\/rna.ao\/wp-content\/uploads\/2024\/06\/IMG_5317.jpeg 1098w\" sizes=\"(max-width: 770px) 100vw, 770px\" \/><br \/>\nO fundador do Wikileaks, Julian Assange, aceitou declarar-se culpado de conspira\u00e7\u00e3o para obter e divulgar ilegalmente informa\u00e7\u00f5es confidenciais, num acordo com a justi\u00e7a dos EUA, e j\u00e1 saiu da pris\u00e3o. Estava detido desde 2019 no Reino Unido e j\u00e1 tinha passado v\u00e1rios anos na Embaixada do Equador para evitar extradi\u00e7\u00e3o para a Su\u00e9cia. Estava acusado nos Estados Unidos de conspira\u00e7\u00e3o para obter informa\u00e7\u00e3o confidencial ao revelar milhares de documentos que demonstram ataques americanos contra civis no Iraque e no Afeganist\u00e3o.<\/p>\n<p>Assange &#8220;<b>deixou a pris\u00e3o de seguran\u00e7a m\u00e1xima de Belmarsh na manh\u00e3 de 24 de junho<\/b>&#8220;, <b>foi libertado no aeroporto de Stansted, em Londres, &#8220;onde embarcou num avi\u00e3o e partiu do Reino Unido&#8221;, tendo a Austr\u00e1lia como destino final<\/b>, disse o Wikileaks.<\/p>\n<p>O portal disse na rede social X (antigo Twitter) que a liberta\u00e7\u00e3o resulta de &#8220;uma campanha global&#8221; que &#8220;criou espa\u00e7o para um longo per\u00edodo de negocia\u00e7\u00f5es com o Departamento de Justi\u00e7a dos EUA, conduzindo a um acordo que ainda n\u00e3o foi formalmente finalizado&#8221;.<\/p>\n<p>Na rede social pode ver-se Assange a entrar no avi\u00e3o no aeroporto de Stansted.<\/p>\n<p><b>Assange dever\u00e1 comparecer na quarta-feira perante um tribunal federal das Ilhas Marianas, um territ\u00f3rio norte-americano no Oceano Pac\u00edfico<\/b>, de acordo com documentos judiciais apresentados na segunda-feira \u00e0 noite.<\/p>\n<p><b>O fundador do Wikileaks vai declarar-se culpado de crime de conspira\u00e7\u00e3o para obter e divulgar ilegalmente informa\u00e7\u00f5es confidenciais da defesa nacional dos Estados Unidos<\/b>, confiss\u00e3o que ter\u00e1 de ser aprovada por um juiz.<\/p>\n<p>Cidad\u00e3o australiano de 52 anos, Julian Assange poder\u00e1 ent\u00e3o regressar \u00e0 Austr\u00e1lia. Assange tem nacionalidade australiana e h\u00e1 muitos meses que o governo da Austr\u00e1lia exigia a sua ida para o pa\u00eds.<\/p>\n<p>Ainda antes do an\u00fancio da liberta\u00e7\u00e3o, um porta-voz do governo australiano defendeu que o caso do fundador do Wikileaks &#8220;arrastou-se por muito tempo e n\u00e3o h\u00e1 nada a ganhar com o prolongamento da deten\u00e7\u00e3o&#8221;.<\/p>\n<p><b>Assange estava detido em Belmarsh, no leste da capital brit\u00e2nica desde 2019, altura em que foi detido, ap\u00f3s sete anos de reclus\u00e3o na embaixada do Equador em Londres, onde se refugiou para evitar ser extraditado para a Su\u00e9cia,<\/b> onde era acusado de viola\u00e7\u00e3o.<\/p>\n<p>&nbsp;<\/p>\n","protected":false},"excerpt":{"rendered":"<p>O fundador do Wikileaks, Julian Assange, aceitou declarar-se culpado de conspira\u00e7\u00e3o para obter e divulgar ilegalmente informa\u00e7\u00f5es confidenciais, num acordo com a justi\u00e7a dos EUA, e j\u00e1 saiu da pris\u00e3o. Estava detido desde 2019 no Reino Unido e j\u00e1 tinha passado v\u00e1rios anos na Embaixada do Equador para evitar extradi\u00e7\u00e3o ...<\/p>\n","protected":false},"author":10,"featured_media":145648,"comment_status":"closed","ping_status":"closed","sticky":false,"template":"","format":"standard","meta":[],"categories":[142,121,163],"tags":[],"_links":{"self":[{"href":"https:\/\/rna.ao\/rna.ao\/wp-json\/wp\/v2\/posts\/145647"}],"collection":[{"href":"https:\/\/rna.ao\/rna.ao\/wp-json\/wp\/v2\/posts"}],"about":[{"href":"https:\/\/rna.ao\/rna.ao\/wp-json\/wp\/v2\/types\/post"}],"author":[{"embeddable":true,"href":"https:\/\/rna.ao\/rna.ao\/wp-json\/wp\/v2\/users\/10"}],"replies":[{"embeddable":true,"href":"https:\/\/rna.ao\/rna.ao\/wp-json\/wp\/v2\/comments?post=145647"}],"version-history":[{"count":1,"href":"https:\/\/rna.ao\/rna.ao\/wp-json\/wp\/v2\/posts\/145647\/revisions"}],"predecessor-version":[{"id":145649,"href":"https:\/\/rna.ao\/rna.ao\/wp-json\/wp\/v2\/posts\/145647\/revisions\/145649"}],"wp:featuredmedia":[{"embeddable":true,"href":"https:\/\/rna.ao\/rna.ao\/wp-json\/wp\/v2\/media\/145648"}],"wp:attachment":[{"href":"https:\/\/rna.ao\/rna.ao\/wp-json\/wp\/v2\/media?parent=145647"}],"wp:term":[{"taxonomy":"category","embeddable":true,"href":"https:\/\/rna.ao\/rna.ao\/wp-json\/wp\/v2\/categories?post=145647"},{"taxonomy":"post_tag","embeddable":true,"href":"https:\/\/rna.ao\/rna.ao\/wp-json\/wp\/v2\/tags?post=145647"}],"curies":[{"name":"wp","href":"https:\/\/api.w.org\/{rel}","templated":true}]}}