{"id":145523,"date":"2024-06-24T07:22:11","date_gmt":"2024-06-24T06:22:11","guid":{"rendered":"https:\/\/rna.ao\/rna.ao\/?p=145523"},"modified":"2024-06-24T07:22:11","modified_gmt":"2024-06-24T06:22:11","slug":"interclube-revalida-titulo-do-nacional-senior-masculino-de-andebol","status":"publish","type":"post","link":"https:\/\/rna.ao\/rna.ao\/2024\/06\/24\/interclube-revalida-titulo-do-nacional-senior-masculino-de-andebol\/","title":{"rendered":"Interclube revalida t\u00edtulo do Nacional S\u00e9nior Masculino de Andebol"},"content":{"rendered":"<p><img loading=\"lazy\" class=\"alignnone size-medium wp-image-145527\" src=\"https:\/\/rna.ao\/rna.ao\/wp-content\/uploads\/2024\/06\/IMG_2624-1-645x770.jpeg\" alt=\"\" width=\"645\" height=\"770\" srcset=\"https:\/\/rna.ao\/rna.ao\/wp-content\/uploads\/2024\/06\/IMG_2624-1-645x770.jpeg 645w, https:\/\/rna.ao\/rna.ao\/wp-content\/uploads\/2024\/06\/IMG_2624-1.jpeg 720w\" sizes=\"(max-width: 645px) 100vw, 645px\" \/>O Interclube revalidou este domingo, 23 de Junho, o t\u00edtulo do Nacional S\u00e9nior Masculino de Andebol ao vencer na final da 45\u00aa edi\u00e7\u00e3o do campeonato o Petro de Luanda por 16-26, jogo disputado no Pavilh\u00e3o Principal da Cidadela Desportiva.<\/p>\n<p>Jos\u00e9 Pereira Kid\u00f3, t\u00e9cnico do Interclube, real\u00e7a a conquista e enaltece o trabalho do colectivo. Clique no \u00e1udio e ou\u00e7a:<\/p>\n\t<div class=\"qtmplayer-playlist-large\">\n\t\t<ul class=\"qtmplayer-playlist\">\n\t\t\t\n\t\t\t\t\t<li class=\"qtmplayer-trackitem\">\n\t\t<img src=\"https:\/\/rna.ao\/rna.ao\/wp-content\/uploads\/2024\/06\/IMG_2624-1-100x100.jpeg\" alt=\"cover\">\t\t<span \t\t\tdata-qtmplayer-cover=\"https:\/\/rna.ao\/rna.ao\/wp-content\/uploads\/2024\/06\/IMG_2624-1-370x370.jpeg\"\n\t\t\t\t\t\tdata-qtmplayer-file=\"https:\/\/rna.ao\/rna.ao\/wp-content\/uploads\/2024\/06\/2-JOSE-PEREIRA-KIDO-24-06-24.mp3\"\n\t\t\t\t\t\tdata-qtmplayer-title=\"Interclube revalida t\u00edtulo do Nacional S\u00e9nior Masculino de Andebol\"\n\t\t\t\t\t\tdata-qtmplayer-artist=\"Juliana Nunes\"\n\t\t\t\t\t\tdata-qtmplayer-link=\"https:\/\/rna.ao\/rna.ao\/2024\/06\/24\/interclube-revalida-titulo-do-nacional-senior-masculino-de-andebol\/\"\n\t\t\t\t\t\tdata-qtmplayer-icon=\"file_download\"\n\t\t\t\t\t\tdata-qtmplayer-type=\"track\"\n\t\t\t class=\"qtmplayer-play qtmplayer-link-sec qtmplayer-play-btn\"><i class='material-icons'>play_arrow<\/i><\/span>\n\t\t<p>\n\t\t\t<span class=\"qtmplayer-tit\">Interclube revalida t\u00edtulo do Nacional S\u00e9nior Masculino de Andebol<\/span>\n\t\t\t<span class=\"qtmplayer-art\">Juliana Nunes<\/span>\n\t\t<\/p>\n\t<\/li>\n\t\t<\/ul>\n\t<\/div>\t\t\t\n\t\n<p>Ant\u00f3nio Costa, t\u00e9cnico tricolor, aborda a derrota pela pouca efic\u00e1cia e concentra\u00e7\u00e3o do seu conjunto. Clique no \u00e1udio e ou\u00e7a:<\/p>\n\t<div class=\"qtmplayer-playlist-large\">\n\t\t<ul class=\"qtmplayer-playlist\">\n\t\t\t\n\t\t\t\t\t<li class=\"qtmplayer-trackitem\">\n\t\t<img src=\"https:\/\/rna.ao\/rna.ao\/wp-content\/uploads\/2024\/06\/IMG_2624-1-100x100.jpeg\" alt=\"cover\">\t\t<span \t\t\tdata-qtmplayer-cover=\"https:\/\/rna.ao\/rna.ao\/wp-content\/uploads\/2024\/06\/IMG_2624-1-370x370.jpeg\"\n\t\t\t\t\t\tdata-qtmplayer-file=\"https:\/\/rna.ao\/rna.ao\/wp-content\/uploads\/2024\/06\/3-ANTONIO-COSTA-24-06-24.mp3\"\n\t\t\t\t\t\tdata-qtmplayer-title=\"Interclube revalida t\u00edtulo do Nacional S\u00e9nior Masculino de Andebol\"\n\t\t\t\t\t\tdata-qtmplayer-artist=\"Juliana Nunes\"\n\t\t\t\t\t\tdata-qtmplayer-link=\"https:\/\/rna.ao\/rna.ao\/2024\/06\/24\/interclube-revalida-titulo-do-nacional-senior-masculino-de-andebol\/\"\n\t\t\t\t\t\tdata-qtmplayer-icon=\"file_download\"\n\t\t\t\t\t\tdata-qtmplayer-type=\"track\"\n\t\t\t class=\"qtmplayer-play qtmplayer-link-sec qtmplayer-play-btn\"><i class='material-icons'>play_arrow<\/i><\/span>\n\t\t<p>\n\t\t\t<span class=\"qtmplayer-tit\">Interclube revalida t\u00edtulo do Nacional S\u00e9nior Masculino de Andebol<\/span>\n\t\t\t<span class=\"qtmplayer-art\">Juliana Nunes<\/span>\n\t\t<\/p>\n\t<\/li>\n\t\t<\/ul>\n\t<\/div>\t\t\t\n\t\n","protected":false},"excerpt":{"rendered":"<p>O Interclube revalidou este domingo, 23 de Junho, o t\u00edtulo do Nacional S\u00e9nior Masculino de Andebol ao vencer na final da 45\u00aa edi\u00e7\u00e3o do campeonato o Petro de Luanda por 16-26, jogo disputado no Pavilh\u00e3o Principal da Cidadela Desportiva. Jos\u00e9 Pereira Kid\u00f3, t\u00e9cnico do Interclube, real\u00e7a a conquista e enaltece ...<\/p>\n","protected":false},"author":16,"featured_media":145527,"comment_status":"closed","ping_status":"closed","sticky":false,"template":"","format":"standard","meta":[],"categories":[142,145,125],"tags":[],"_links":{"self":[{"href":"https:\/\/rna.ao\/rna.ao\/wp-json\/wp\/v2\/posts\/145523"}],"collection":[{"href":"https:\/\/rna.ao\/rna.ao\/wp-json\/wp\/v2\/posts"}],"about":[{"href":"https:\/\/rna.ao\/rna.ao\/wp-json\/wp\/v2\/types\/post"}],"author":[{"embeddable":true,"href":"https:\/\/rna.ao\/rna.ao\/wp-json\/wp\/v2\/users\/16"}],"replies":[{"embeddable":true,"href":"https:\/\/rna.ao\/rna.ao\/wp-json\/wp\/v2\/comments?post=145523"}],"version-history":[{"count":1,"href":"https:\/\/rna.ao\/rna.ao\/wp-json\/wp\/v2\/posts\/145523\/revisions"}],"predecessor-version":[{"id":145528,"href":"https:\/\/rna.ao\/rna.ao\/wp-json\/wp\/v2\/posts\/145523\/revisions\/145528"}],"wp:featuredmedia":[{"embeddable":true,"href":"https:\/\/rna.ao\/rna.ao\/wp-json\/wp\/v2\/media\/145527"}],"wp:attachment":[{"href":"https:\/\/rna.ao\/rna.ao\/wp-json\/wp\/v2\/media?parent=145523"}],"wp:term":[{"taxonomy":"category","embeddable":true,"href":"https:\/\/rna.ao\/rna.ao\/wp-json\/wp\/v2\/categories?post=145523"},{"taxonomy":"post_tag","embeddable":true,"href":"https:\/\/rna.ao\/rna.ao\/wp-json\/wp\/v2\/tags?post=145523"}],"curies":[{"name":"wp","href":"https:\/\/api.w.org\/{rel}","templated":true}]}}