{"id":145194,"date":"2024-06-21T10:26:57","date_gmt":"2024-06-21T09:26:57","guid":{"rendered":"https:\/\/rna.ao\/rna.ao\/?p=145194"},"modified":"2024-06-21T10:26:57","modified_gmt":"2024-06-21T09:26:57","slug":"mais-de-17-mil-pessoas-envolvidas-no-cultivo-do-cafe-em-angola","status":"publish","type":"post","link":"https:\/\/rna.ao\/rna.ao\/2024\/06\/21\/mais-de-17-mil-pessoas-envolvidas-no-cultivo-do-cafe-em-angola\/","title":{"rendered":"Mais de 17 mil pessoas envolvidas no cultivo do caf\u00e9 em Angola"},"content":{"rendered":"<p><img loading=\"lazy\" class=\"alignnone  wp-image-52866\" src=\"https:\/\/rna.ao\/rna.ao\/wp-content\/uploads\/2022\/02\/cafe.jpg\" alt=\"\" width=\"429\" height=\"286\" \/>Mais de 17 mil pessoas est\u00e3o envolvidas no cultivo do caf\u00e9 no pa\u00eds. 30 hectares de terra foram desmatados para os agricultores. A meta das autoridades \u00e9 produzir anualmente mais de seis mil toneladas do Bago Vermelho. Jornalista Dito Tavares. Clique no \u00e1udio e ou\u00e7a:<\/p>\n\t<div class=\"qtmplayer-playlist-large\">\n\t\t<ul class=\"qtmplayer-playlist\">\n\t\t\t\n\t\t\t\t\t<li class=\"qtmplayer-trackitem\">\n\t\t<img src=\"https:\/\/rna.ao\/rna.ao\/wp-content\/uploads\/2023\/08\/cafee-100x100.jpg\" alt=\"cover\">\t\t<span \t\t\tdata-qtmplayer-cover=\"https:\/\/rna.ao\/rna.ao\/wp-content\/uploads\/2023\/08\/cafee.jpg\"\n\t\t\t\t\t\tdata-qtmplayer-file=\"https:\/\/rna.ao\/rna.ao\/wp-content\/uploads\/2024\/06\/MALANJE-CAFE-08-HRS.mp3\"\n\t\t\t\t\t\tdata-qtmplayer-title=\"Mais de 17 mil pessoas envolvidas no cultivo do caf\u00e9 em Angola\"\n\t\t\t\t\t\tdata-qtmplayer-artist=\"Juliana Nunes\"\n\t\t\t\t\t\tdata-qtmplayer-link=\"https:\/\/rna.ao\/rna.ao\/2024\/06\/21\/mais-de-17-mil-pessoas-envolvidas-no-cultivo-do-cafe-em-angola\/\"\n\t\t\t\t\t\tdata-qtmplayer-icon=\"file_download\"\n\t\t\t\t\t\tdata-qtmplayer-type=\"track\"\n\t\t\t class=\"qtmplayer-play qtmplayer-link-sec qtmplayer-play-btn\"><i class='material-icons'>play_arrow<\/i><\/span>\n\t\t<p>\n\t\t\t<span class=\"qtmplayer-tit\">Mais de 17 mil pessoas envolvidas no cultivo do caf\u00e9 em Angola<\/span>\n\t\t\t<span class=\"qtmplayer-art\">Juliana Nunes<\/span>\n\t\t<\/p>\n\t<\/li>\n\t\t<\/ul>\n\t<\/div>\t\t\t\n\t\n","protected":false},"excerpt":{"rendered":"<p>Mais de 17 mil pessoas est\u00e3o envolvidas no cultivo do caf\u00e9 no pa\u00eds. 30 hectares de terra foram desmatados para os agricultores. A meta das autoridades \u00e9 produzir anualmente mais de seis mil toneladas do Bago Vermelho. Jornalista Dito Tavares. Clique no \u00e1udio e ou\u00e7a:<\/p>\n","protected":false},"author":16,"featured_media":112840,"comment_status":"closed","ping_status":"closed","sticky":false,"template":"","format":"standard","meta":[],"categories":[142,121,163],"tags":[],"_links":{"self":[{"href":"https:\/\/rna.ao\/rna.ao\/wp-json\/wp\/v2\/posts\/145194"}],"collection":[{"href":"https:\/\/rna.ao\/rna.ao\/wp-json\/wp\/v2\/posts"}],"about":[{"href":"https:\/\/rna.ao\/rna.ao\/wp-json\/wp\/v2\/types\/post"}],"author":[{"embeddable":true,"href":"https:\/\/rna.ao\/rna.ao\/wp-json\/wp\/v2\/users\/16"}],"replies":[{"embeddable":true,"href":"https:\/\/rna.ao\/rna.ao\/wp-json\/wp\/v2\/comments?post=145194"}],"version-history":[{"count":1,"href":"https:\/\/rna.ao\/rna.ao\/wp-json\/wp\/v2\/posts\/145194\/revisions"}],"predecessor-version":[{"id":145196,"href":"https:\/\/rna.ao\/rna.ao\/wp-json\/wp\/v2\/posts\/145194\/revisions\/145196"}],"wp:featuredmedia":[{"embeddable":true,"href":"https:\/\/rna.ao\/rna.ao\/wp-json\/wp\/v2\/media\/112840"}],"wp:attachment":[{"href":"https:\/\/rna.ao\/rna.ao\/wp-json\/wp\/v2\/media?parent=145194"}],"wp:term":[{"taxonomy":"category","embeddable":true,"href":"https:\/\/rna.ao\/rna.ao\/wp-json\/wp\/v2\/categories?post=145194"},{"taxonomy":"post_tag","embeddable":true,"href":"https:\/\/rna.ao\/rna.ao\/wp-json\/wp\/v2\/tags?post=145194"}],"curies":[{"name":"wp","href":"https:\/\/api.w.org\/{rel}","templated":true}]}}