{"id":144986,"date":"2024-06-20T07:38:42","date_gmt":"2024-06-20T06:38:42","guid":{"rendered":"https:\/\/rna.ao\/rna.ao\/?p=144986"},"modified":"2024-06-20T07:38:42","modified_gmt":"2024-06-20T06:38:42","slug":"inoperancia-dos-semaforos-em-luanda-preocupa-municipes","status":"publish","type":"post","link":"https:\/\/rna.ao\/rna.ao\/2024\/06\/20\/inoperancia-dos-semaforos-em-luanda-preocupa-municipes\/","title":{"rendered":"Inoper\u00e2ncia dos sem\u00e1foros em Luanda preocupa mun\u00edcipes"},"content":{"rendered":"<p><img loading=\"lazy\" class=\"size-full wp-image-144988 alignleft\" src=\"https:\/\/rna.ao\/rna.ao\/wp-content\/uploads\/2024\/06\/inoperancia-dos-semaforos.jpg\" alt=\"\" width=\"265\" height=\"173\" \/>Os mun\u00edcipes de Luanda mostram-se preocupados com a inoper\u00e2ncia dos sem\u00e1foros em alguns pontos. Taxistas e pe\u00f5es que utilizam diariamente a via p\u00fablica, no centro da cidade, queixam-se dos constrangimentos por falta do funcionamento dos sinais luminosos. Ou\u00e7a, no \u00e1udio abaixo, toda informa\u00e7\u00e3o com a reportagem do Cl\u00e1udio Cruz:<\/p>\n\t<div class=\"qtmplayer-playlist-large\">\n\t\t<ul class=\"qtmplayer-playlist\">\n\t\t\t\n\t\t\t\t\t<li class=\"qtmplayer-trackitem\">\n\t\t<img src=\"https:\/\/rna.ao\/rna.ao\/wp-content\/uploads\/2024\/06\/inoperancia-dos-semaforos-100x100.jpg\" alt=\"cover\">\t\t<span \t\t\tdata-qtmplayer-cover=\"https:\/\/rna.ao\/rna.ao\/wp-content\/uploads\/2024\/06\/inoperancia-dos-semaforos.jpg\"\n\t\t\t\t\t\tdata-qtmplayer-file=\"https:\/\/rna.ao\/rna.ao\/wp-content\/uploads\/2024\/06\/CLAUDIO-CRUZ-FALTA-DE-SEMAFOROS.mp3\"\n\t\t\t\t\t\tdata-qtmplayer-title=\"Inoper\u00e2ncia dos sem\u00e1foros em Luanda preocupa mun\u00edcipes\"\n\t\t\t\t\t\tdata-qtmplayer-artist=\"Jo\u00e3o Augusto\"\n\t\t\t\t\t\tdata-qtmplayer-link=\"https:\/\/rna.ao\/rna.ao\/2024\/06\/20\/inoperancia-dos-semaforos-em-luanda-preocupa-municipes\/\"\n\t\t\t\t\t\tdata-qtmplayer-icon=\"file_download\"\n\t\t\t\t\t\tdata-qtmplayer-type=\"track\"\n\t\t\t class=\"qtmplayer-play qtmplayer-link-sec qtmplayer-play-btn\"><i class='material-icons'>play_arrow<\/i><\/span>\n\t\t<p>\n\t\t\t<span class=\"qtmplayer-tit\">Inoper\u00e2ncia dos sem\u00e1foros em Luanda preocupa mun\u00edcipes<\/span>\n\t\t\t<span class=\"qtmplayer-art\">Jo\u00e3o Augusto<\/span>\n\t\t<\/p>\n\t<\/li>\n\t\t<\/ul>\n\t<\/div>\t\t\t\n\t\n","protected":false},"excerpt":{"rendered":"<p>Os mun\u00edcipes de Luanda mostram-se preocupados com a inoper\u00e2ncia dos sem\u00e1foros em alguns pontos. Taxistas e pe\u00f5es que utilizam diariamente a via p\u00fablica, no centro da cidade, queixam-se dos constrangimentos por falta do funcionamento dos sinais luminosos. Ou\u00e7a, no \u00e1udio abaixo, toda informa\u00e7\u00e3o com a reportagem do Cl\u00e1udio Cruz:<\/p>\n","protected":false},"author":15,"featured_media":144988,"comment_status":"closed","ping_status":"closed","sticky":false,"template":"","format":"standard","meta":[],"categories":[141,133],"tags":[],"_links":{"self":[{"href":"https:\/\/rna.ao\/rna.ao\/wp-json\/wp\/v2\/posts\/144986"}],"collection":[{"href":"https:\/\/rna.ao\/rna.ao\/wp-json\/wp\/v2\/posts"}],"about":[{"href":"https:\/\/rna.ao\/rna.ao\/wp-json\/wp\/v2\/types\/post"}],"author":[{"embeddable":true,"href":"https:\/\/rna.ao\/rna.ao\/wp-json\/wp\/v2\/users\/15"}],"replies":[{"embeddable":true,"href":"https:\/\/rna.ao\/rna.ao\/wp-json\/wp\/v2\/comments?post=144986"}],"version-history":[{"count":1,"href":"https:\/\/rna.ao\/rna.ao\/wp-json\/wp\/v2\/posts\/144986\/revisions"}],"predecessor-version":[{"id":144989,"href":"https:\/\/rna.ao\/rna.ao\/wp-json\/wp\/v2\/posts\/144986\/revisions\/144989"}],"wp:featuredmedia":[{"embeddable":true,"href":"https:\/\/rna.ao\/rna.ao\/wp-json\/wp\/v2\/media\/144988"}],"wp:attachment":[{"href":"https:\/\/rna.ao\/rna.ao\/wp-json\/wp\/v2\/media?parent=144986"}],"wp:term":[{"taxonomy":"category","embeddable":true,"href":"https:\/\/rna.ao\/rna.ao\/wp-json\/wp\/v2\/categories?post=144986"},{"taxonomy":"post_tag","embeddable":true,"href":"https:\/\/rna.ao\/rna.ao\/wp-json\/wp\/v2\/tags?post=144986"}],"curies":[{"name":"wp","href":"https:\/\/api.w.org\/{rel}","templated":true}]}}